{"id":41337,"date":"2022-02-05T22:05:29","date_gmt":"2022-02-05T22:05:29","guid":{"rendered":"http:\/\/noticiastelered.com\/PortalDNoticias\/?p=41337"},"modified":"2022-02-05T22:05:30","modified_gmt":"2022-02-05T22:05:30","slug":"aumento-un-208-el-precio-de-el-limon-en-un-ano","status":"publish","type":"post","link":"http:\/\/noticiastelered.com\/PortalDNoticias\/aumento-un-208-el-precio-de-el-limon-en-un-ano\/","title":{"rendered":"Aument\u00f3 un 208% el precio de el lim\u00f3n en un a\u00f1o"},"content":{"rendered":"\n<p>El precio del lim\u00f3n aument\u00f3 en un 208% en tan solo un a\u00f1o, de acuerdo con el Grupo Consultor de Mercados Agr\u00edcolas (GCMA).<\/p>\n\n\n\n<p>El \u00edndice de precios anual de frutas increment\u00f3 en un 33.7%, sin embargo, fue el del lim\u00f3n el que mayor incremento registr\u00f3.<\/p>\n\n\n\n<p><strong>\u00bfPor qu\u00e9 aument\u00f3 el precio del lim\u00f3n?<\/strong><\/p>\n\n\n\n<p>De acuerdo con GCMA, el precio del lim\u00f3n increment\u00f3 en un 208% en un a\u00f1o debido a la baja producci\u00f3n por cuestiones de la estacionalidad productiva.<\/p>\n\n\n\n<p>Adem\u00e1s, en Michoac\u00e1n, estado productor mayoritario de lim\u00f3n con semilla, ha sufrido de bajas temperaturas, por lo que la maduraci\u00f3n del fruto se ha retrasado.<\/p>\n\n\n\n<p>Por otra parte, el lim\u00f3n sin semilla experiment\u00f3 una disminuci\u00f3n en los vol\u00famenes ofertados por la influencia de las contingencias ambientales.<\/p>\n\n\n\n<p>Esto afect\u00f3 la floraci\u00f3n actual de las cosechas, principalmente en Veracruz y Tabasco; adem\u00e1s, la competencia en el mercado en fresco con la variedad con semilla tambi\u00e9n la afect\u00f3, por lo que experiment\u00f3 un incremento del 122.2% anual.<\/p>\n\n\n\n<p><strong>Profeco asegura que precio de lim\u00f3n comienza a bajar<br><\/strong>El pasado 24 de enero, el titular de la Procuradur\u00eda Federal del Consumidor (Profeco), Ricardo Sheffield, asegur\u00f3 que el precio del lim\u00f3n comienza a bajar.<\/p>\n\n\n\n<p>El costo por kilo del lim\u00f3n, uno de los elementos de la canasta b\u00e1sica mexicana lleg\u00f3 hasta los 90 pesos en algunas zonas del pa\u00eds.<\/p>\n\n\n\n<p>Sin embargo, para finales de enero se pod\u00eda adquirid desde los 69 y hasta los 80 pesos por kilo.<\/p>\n\n\n\n<p>El sector que mayor incremento en su costo durante un a\u00f1o fue el de la fruta, con un incremento promedio del 33.7%, donde los limones con y sin semilla, as\u00ed como el aguacate fueron los m\u00e1s afectados.<\/p>\n\n\n\n<p>Hasta el cierre de enero de 2022, el aguacate hass sufri\u00f3 un incremento anual del 84% pies en enero de 2021 se pod\u00eda adquirir por 36.86 pesos el kilo mientras que un a\u00f1o despu\u00e9s tuvo un costo promedio de 67.80 pesos por kilo.<\/p>\n\n\n<p><!-- Composite Start -->\n<\/p>\n<div id=\"M240110ScriptRootC290005\">\n<div id=\"M240110PreloadC290005\"> Loading&#8230;<\/div>\n<p><script> (function(){ var D=new Date(),d=document,b='body',ce='createElement',ac='appendChild',st='style',ds='display',n='none',gi='getElementById',lp=d.location.protocol,wp=lp.indexOf('http')==0?lp:'https:'; var i=d[ce]('iframe');i[st][ds]=n;d[gi](\"M240110ScriptRootC290005\")[ac](i);try{var iw=i.contentWindow.document;iw.open();iw.writeln(\"<ht\"+\"ml><bo\"+\"dy><\/bo\"+\"dy><\/ht\"+\"ml>\");iw.close();var c=iw[b];} catch(e){var iw=d;var c=d[gi](\"M240110ScriptRootC290005\");}var dv=iw[ce]('div');dv.id=\"MG_ID\";dv[st][ds]=n;dv.innerHTML=290005;c[ac](dv); var s=iw[ce]('script');s.async='async';s.defer='defer';s.charset='utf-8';s.src=wp+\"\/\/jsc.mgid.com\/n\/o\/noticiastelered.com.290005.js?t=\"+D.getYear()+D.getMonth()+D.getUTCDate()+D.getUTCHours();c[ac](s);})(); <\/script><\/p>\n<\/div>\n<p><!-- Composite End --><\/p>","protected":false},"excerpt":{"rendered":"<p>El precio del lim\u00f3n aument\u00f3 en un 208% en tan solo un a\u00f1o, de acuerdo con el Grupo Consultor de Mercados Agr\u00edcolas (GCMA). El \u00edndice de precios anual de frutas increment\u00f3 en un 33.7%, sin embargo, fue el del lim\u00f3n [&hellip;]<\/p>\n","protected":false},"author":2,"featured_media":41339,"comment_status":"open","ping_status":"open","sticky":false,"template":"","format":"standard","meta":[],"categories":[60],"tags":[],"_links":{"self":[{"href":"http:\/\/noticiastelered.com\/PortalDNoticias\/wp-json\/wp\/v2\/posts\/41337"}],"collection":[{"href":"http:\/\/noticiastelered.com\/PortalDNoticias\/wp-json\/wp\/v2\/posts"}],"about":[{"href":"http:\/\/noticiastelered.com\/PortalDNoticias\/wp-json\/wp\/v2\/types\/post"}],"author":[{"embeddable":true,"href":"http:\/\/noticiastelered.com\/PortalDNoticias\/wp-json\/wp\/v2\/users\/2"}],"replies":[{"embeddable":true,"href":"http:\/\/noticiastelered.com\/PortalDNoticias\/wp-json\/wp\/v2\/comments?post=41337"}],"version-history":[{"count":1,"href":"http:\/\/noticiastelered.com\/PortalDNoticias\/wp-json\/wp\/v2\/posts\/41337\/revisions"}],"predecessor-version":[{"id":41340,"href":"http:\/\/noticiastelered.com\/PortalDNoticias\/wp-json\/wp\/v2\/posts\/41337\/revisions\/41340"}],"wp:featuredmedia":[{"embeddable":true,"href":"http:\/\/noticiastelered.com\/PortalDNoticias\/wp-json\/wp\/v2\/media\/41339"}],"wp:attachment":[{"href":"http:\/\/noticiastelered.com\/PortalDNoticias\/wp-json\/wp\/v2\/media?parent=41337"}],"wp:term":[{"taxonomy":"category","embeddable":true,"href":"http:\/\/noticiastelered.com\/PortalDNoticias\/wp-json\/wp\/v2\/categories?post=41337"},{"taxonomy":"post_tag","embeddable":true,"href":"http:\/\/noticiastelered.com\/PortalDNoticias\/wp-json\/wp\/v2\/tags?post=41337"}],"curies":[{"name":"wp","href":"https:\/\/api.w.org\/{rel}","templated":true}]}}