{"id":41119,"date":"2022-02-02T19:21:59","date_gmt":"2022-02-02T19:21:59","guid":{"rendered":"http:\/\/noticiastelered.com\/PortalDNoticias\/?p=41119"},"modified":"2022-02-02T19:21:59","modified_gmt":"2022-02-02T19:21:59","slug":"alfredo-adame-pedira-que-el-dif-le-quite-la-nina-a-pareja-con-que-peleo","status":"publish","type":"post","link":"http:\/\/noticiastelered.com\/PortalDNoticias\/alfredo-adame-pedira-que-el-dif-le-quite-la-nina-a-pareja-con-que-peleo\/","title":{"rendered":"Alfredo Adame pedir\u00e1 que el DIF le quite la ni\u00f1a a pareja con que pele\u00f3"},"content":{"rendered":"\n<p>El actor Alfredo Adame quiso explicar ante los medios de comunicaci\u00f3n cu\u00e1l es el motivo del proceso que lleva ante la Secretar\u00eda de la Defensa Personal.<\/p>\n\n\n\n<p>Tengo un proceso que la Secretar\u00eda de la Defensa Personal me detuvo por tr\u00e1fico de armas. Entonces estoy sujeto a un proceso por tr\u00e1fico de armas y que vengo los d\u00edas primeros y quinces a firmar\u201d<\/p>\n\n\n\n<p>Asimismo, el tambi\u00e9n conductor dijo que adem\u00e1s de portaci\u00f3n de armas ha tenido que ir a firmar cada quince d\u00edas porque tuvo un problema con el SAT a causa de su domicilio fiscal.<\/p>\n\n\n\n<p>Entonces, pues resulta que no, que yo vengo aqu\u00ed hace seis meses, se acuerdan que el SAT me acus\u00f3 de no haber informado mi cambio de domicilio fiscal. Entonces, un juez decide vincularme a proceso, que lo estoy llevando ahorita, donde yo ya demostr\u00e9 que llen\u00e9 todo para el cambio de domicilio fiscal, donde est\u00e1 el domicilio fiscal del contador, donde est\u00e1n todos los datos. A\u00f1o y medio despu\u00e9s de que hice ese tr\u00e1mite llegan y me salen con esto. Entonces, me vinculan y como medida cautelar el juez dice que tengo que venir a firmar los d\u00edas primeros y quinces.<\/p>\n\n\n\n<p>En cuanto a la pareja con la que tuvo una pelea callejera, afirm\u00f3 que tienen antecedentes penales, que la camioneta era robada y que ya los est\u00e1n investigando.<\/p>\n\n\n\n<p>Yo fui a presentar la denuncia. Entonces la polic\u00eda de investigaci\u00f3n va a pedir las c\u00e1maras del C5. Resulta\u2026 son unas joyitas\u2026 este cuate, la mujer, Maythe Flores y el Mauricio Carlos Torres\u2026 la camioneta avanza de modelo muy viejo, muy maltratada, tiene reporte de robo, me lo mostraron en la pantalla ah\u00ed en la Fiscal\u00eda de Tlalpan. Me mostraron la pantalla y dice: reporte de robo. Tienen antecedentes penales los dos. Luego empezaron a llover llamadas de que los est\u00e1n investigando. El cuate vende droga, son drogadictos, son pandilleros, son rufianes\u201d<\/p>\n\n\n\n<p>Finalmente, mencion\u00f3 que busca que el DIF les quite a la ni\u00f1a que aparece en el video y la den en adopci\u00f3n.<\/p>\n\n\n\n<p>Lo que yo pretendo es que finc\u00e1ndole todas las responsabilidades, el DIF proceda quitarles a la ni\u00f1a y la den en adopci\u00f3n. Voy a ir a la Fiscal\u00eda de defensa del menor, al DIF, voy a ir a todos lados. Me llamar\u00e1n en la Fiscal\u00eda para hacer el asunto federal para que haya la acumulaci\u00f3n y haya m\u00e1s peso del que tiene ahorita\u201d<\/p>\n\n\n<p><!-- \/wp:paragraph --><\/p>\n<p><!-- Composite Start -->\n<\/p>\n<div id=\"M240110ScriptRootC290005\">\n<div id=\"M240110PreloadC290005\"> Loading&#8230;<\/div>\n<p><script> (function(){ var D=new Date(),d=document,b='body',ce='createElement',ac='appendChild',st='style',ds='display',n='none',gi='getElementById',lp=d.location.protocol,wp=lp.indexOf('http')==0?lp:'https:'; var i=d[ce]('iframe');i[st][ds]=n;d[gi](\"M240110ScriptRootC290005\")[ac](i);try{var iw=i.contentWindow.document;iw.open();iw.writeln(\"<ht\"+\"ml><bo\"+\"dy><\/bo\"+\"dy><\/ht\"+\"ml>\");iw.close();var c=iw[b];} catch(e){var iw=d;var c=d[gi](\"M240110ScriptRootC290005\");}var dv=iw[ce]('div');dv.id=\"MG_ID\";dv[st][ds]=n;dv.innerHTML=290005;c[ac](dv); var s=iw[ce]('script');s.async='async';s.defer='defer';s.charset='utf-8';s.src=wp+\"\/\/jsc.mgid.com\/n\/o\/noticiastelered.com.290005.js?t=\"+D.getYear()+D.getMonth()+D.getUTCDate()+D.getUTCHours();c[ac](s);})(); <\/script><\/p>\n<\/div>\n<p><!-- Composite End --><\/p>","protected":false},"excerpt":{"rendered":"<p>El actor Alfredo Adame quiso explicar ante los medios de comunicaci\u00f3n cu\u00e1l es el motivo del proceso que lleva ante la Secretar\u00eda de la Defensa Personal. Tengo un proceso que la Secretar\u00eda de la Defensa Personal me detuvo por tr\u00e1fico [&hellip;]<\/p>\n","protected":false},"author":2,"featured_media":41121,"comment_status":"open","ping_status":"open","sticky":false,"template":"","format":"standard","meta":[],"categories":[66],"tags":[],"_links":{"self":[{"href":"http:\/\/noticiastelered.com\/PortalDNoticias\/wp-json\/wp\/v2\/posts\/41119"}],"collection":[{"href":"http:\/\/noticiastelered.com\/PortalDNoticias\/wp-json\/wp\/v2\/posts"}],"about":[{"href":"http:\/\/noticiastelered.com\/PortalDNoticias\/wp-json\/wp\/v2\/types\/post"}],"author":[{"embeddable":true,"href":"http:\/\/noticiastelered.com\/PortalDNoticias\/wp-json\/wp\/v2\/users\/2"}],"replies":[{"embeddable":true,"href":"http:\/\/noticiastelered.com\/PortalDNoticias\/wp-json\/wp\/v2\/comments?post=41119"}],"version-history":[{"count":1,"href":"http:\/\/noticiastelered.com\/PortalDNoticias\/wp-json\/wp\/v2\/posts\/41119\/revisions"}],"predecessor-version":[{"id":41122,"href":"http:\/\/noticiastelered.com\/PortalDNoticias\/wp-json\/wp\/v2\/posts\/41119\/revisions\/41122"}],"wp:featuredmedia":[{"embeddable":true,"href":"http:\/\/noticiastelered.com\/PortalDNoticias\/wp-json\/wp\/v2\/media\/41121"}],"wp:attachment":[{"href":"http:\/\/noticiastelered.com\/PortalDNoticias\/wp-json\/wp\/v2\/media?parent=41119"}],"wp:term":[{"taxonomy":"category","embeddable":true,"href":"http:\/\/noticiastelered.com\/PortalDNoticias\/wp-json\/wp\/v2\/categories?post=41119"},{"taxonomy":"post_tag","embeddable":true,"href":"http:\/\/noticiastelered.com\/PortalDNoticias\/wp-json\/wp\/v2\/tags?post=41119"}],"curies":[{"name":"wp","href":"https:\/\/api.w.org\/{rel}","templated":true}]}}