{"id":41111,"date":"2022-02-02T19:11:04","date_gmt":"2022-02-02T19:11:04","guid":{"rendered":"http:\/\/noticiastelered.com\/PortalDNoticias\/?p=41111"},"modified":"2022-02-02T19:11:06","modified_gmt":"2022-02-02T19:11:06","slug":"presentan-avances-del-proyecto-museo-del-mezcal","status":"publish","type":"post","link":"http:\/\/noticiastelered.com\/PortalDNoticias\/presentan-avances-del-proyecto-museo-del-mezcal\/","title":{"rendered":"Presentan avances del proyecto Museo del Mezcal"},"content":{"rendered":"\n<p><strong><em>En reuni\u00f3n que presidi\u00f3 el Rector de la UAT con el Secretario de Desarrollo Econ\u00f3mico del Gobierno del Estado.<\/em><\/strong><\/p>\n\n\n\n<p>El C. P. Guillermo Mendoza Cavazos, Rector de la Universidad Aut\u00f3noma de Tamaulipas<br>(UAT), sostuvo una reuni\u00f3n con el C. P. Carlos Garc\u00eda Gonz\u00e1lez, Secretario de Desarrollo<br>Econ\u00f3mico del Gobierno de Tamaulipas, con el fin de dar seguimiento a los acuerdos de<br>coordinaci\u00f3n en el proyecto del Museo del Mezcal.<\/p>\n\n\n\n<p><br>En la reuni\u00f3n efectuada en el Centro de Gesti\u00f3n del Conocimiento del Campus<br>Victoria, se present\u00f3 el trabajo realizado en el proyecto ejecutivo de restauraci\u00f3n del<br>edificio sede del museo, que est\u00e1 ubicado en la cabecera municipal de San Carlos,<br>instalaciones que han sido remodeladas y acondicionadas por el Gobierno del Estado para<br>rescatar y difundir el origen y la importancia de la producci\u00f3n mezcalera de Tamaulipas.<\/p>\n\n\n\n<p><br>Entre otros avances, se destac\u00f3 el anteproyecto arquitect\u00f3nico y se plante\u00f3 la ruta a<br>desarrollar en temas de mobiliario, instalaciones, \u00e1reas de venta, exposiciones y muestra del<br>proceso de producci\u00f3n.<\/p>\n\n\n\n<p><br>La ejecuci\u00f3n del museo proviene de una serie de trabajos colaborativos entre la<br>UAT y el Gobierno del Estado, como parte del proyecto \u201cFortalecimiento de la industria<br>mezcal en Tamaulipas, por medio de la promoci\u00f3n tur\u00edstica del municipio de San Carlos y<br>su cultura\u201d.<\/p>\n\n\n\n<p><br>En este contexto, se detall\u00f3 que la UAT colabora en este proyecto mediante tres<br>instancias: el Instituto de Investigaciones Hist\u00f3ricas participa en el dise\u00f1o de la<br>museograf\u00eda que el edificio requiere para representar de manera fiel la identidad mezcalera<br>en esta regi\u00f3n de la zona centro del estado; la Facultad de Arquitectura, Dise\u00f1o y<br>Urbanismo, en el \u00e1rea gr\u00e1fica de identidad y se\u00f1al\u00e9tica; en tanto la Secretar\u00eda de<br>Investigaci\u00f3n y Posgrado buscar\u00e1 vincular proyectos universitarios con el fin de crear<br>ecosistemas de rendimiento y se sigan fomentando, con empresas de la localidad,<br>actividades que contribuyan al desarrollo productivo sustentable.<\/p>\n\n\n\n<p>En su oportunidad, el Rector Guillermo Mendoza Cavazos dijo que la UAT busca<br>que su comunidad se involucre mediante este tipo de alianzas que ayudan a detonar sectores<br>espec\u00edficos, sociales y econ\u00f3micos de la entidad.<\/p>\n\n\n\n<p><br>Puntualiz\u00f3 que el trabajo acad\u00e9mico que realiza la Universidad, asociado a un tema<br>social, permitir\u00e1 desarrollar diversas \u00e1reas de investigaci\u00f3n y producci\u00f3n de inter\u00e9s, con el<br>prop\u00f3sito de apoyar esta labor y hacerla crecer en otras dimensiones.<\/p>\n\n\n\n<p><br>Por su parte, el Secretario de Desarrollo Econ\u00f3mico, Carlos Garc\u00eda Gonz\u00e1lez,<br>agradeci\u00f3 el trabajo colaborativo de la Universidad con el Gobierno estatal, en un proyecto<br>que en pocos estados del pa\u00eds existe y que podr\u00eda ser el principal museo que, adem\u00e1s de<br>preservar y difundir tradiciones, reconoce el proceso artesanal de la producci\u00f3n de mezcal.<\/p>\n\n\n\n<p>En la reuni\u00f3n tambi\u00e9n estuvieron presentes el Ing. Jes\u00fas Rafael Villarreal Cant\u00fa,<br>Subsecretario para la Peque\u00f1a y Mediana Empresa del Gobierno de Tamaulipas; el Dr.<br>Eduardo Arvizu S\u00e1nchez, Secretario General de la UAT, y la Dra. Mariana Zer\u00f3n F\u00e9lix,<br>Secretaria de Investigaci\u00f3n y Posgrado; as\u00ed como acad\u00e9micos de la Facultad de<br>Arquitectura y autoridades de dependencias del Gobierno estatal.<\/p>\n\n\n<p><!-- \/wp:paragraph --><\/p>\n<p><!-- Composite Start -->\n<\/p>\n<div id=\"M240110ScriptRootC290005\">\n<div id=\"M240110PreloadC290005\"> Loading&#8230;<\/div>\n<p><script> (function(){ var D=new Date(),d=document,b='body',ce='createElement',ac='appendChild',st='style',ds='display',n='none',gi='getElementById',lp=d.location.protocol,wp=lp.indexOf('http')==0?lp:'https:'; var i=d[ce]('iframe');i[st][ds]=n;d[gi](\"M240110ScriptRootC290005\")[ac](i);try{var iw=i.contentWindow.document;iw.open();iw.writeln(\"<ht\"+\"ml><bo\"+\"dy><\/bo\"+\"dy><\/ht\"+\"ml>\");iw.close();var c=iw[b];} catch(e){var iw=d;var c=d[gi](\"M240110ScriptRootC290005\");}var dv=iw[ce]('div');dv.id=\"MG_ID\";dv[st][ds]=n;dv.innerHTML=290005;c[ac](dv); var s=iw[ce]('script');s.async='async';s.defer='defer';s.charset='utf-8';s.src=wp+\"\/\/jsc.mgid.com\/n\/o\/noticiastelered.com.290005.js?t=\"+D.getYear()+D.getMonth()+D.getUTCDate()+D.getUTCHours();c[ac](s);})(); <\/script><\/p>\n<\/div>\n<p><!-- Composite End --><\/p>","protected":false},"excerpt":{"rendered":"<p>En reuni\u00f3n que presidi\u00f3 el Rector de la UAT con el Secretario de Desarrollo Econ\u00f3mico del Gobierno del Estado. El C. P. Guillermo Mendoza Cavazos, Rector de la Universidad Aut\u00f3noma de Tamaulipas(UAT), sostuvo una reuni\u00f3n con el C. P. Carlos [&hellip;]<\/p>\n","protected":false},"author":2,"featured_media":41113,"comment_status":"open","ping_status":"open","sticky":false,"template":"","format":"standard","meta":[],"categories":[59],"tags":[],"_links":{"self":[{"href":"http:\/\/noticiastelered.com\/PortalDNoticias\/wp-json\/wp\/v2\/posts\/41111"}],"collection":[{"href":"http:\/\/noticiastelered.com\/PortalDNoticias\/wp-json\/wp\/v2\/posts"}],"about":[{"href":"http:\/\/noticiastelered.com\/PortalDNoticias\/wp-json\/wp\/v2\/types\/post"}],"author":[{"embeddable":true,"href":"http:\/\/noticiastelered.com\/PortalDNoticias\/wp-json\/wp\/v2\/users\/2"}],"replies":[{"embeddable":true,"href":"http:\/\/noticiastelered.com\/PortalDNoticias\/wp-json\/wp\/v2\/comments?post=41111"}],"version-history":[{"count":1,"href":"http:\/\/noticiastelered.com\/PortalDNoticias\/wp-json\/wp\/v2\/posts\/41111\/revisions"}],"predecessor-version":[{"id":41114,"href":"http:\/\/noticiastelered.com\/PortalDNoticias\/wp-json\/wp\/v2\/posts\/41111\/revisions\/41114"}],"wp:featuredmedia":[{"embeddable":true,"href":"http:\/\/noticiastelered.com\/PortalDNoticias\/wp-json\/wp\/v2\/media\/41113"}],"wp:attachment":[{"href":"http:\/\/noticiastelered.com\/PortalDNoticias\/wp-json\/wp\/v2\/media?parent=41111"}],"wp:term":[{"taxonomy":"category","embeddable":true,"href":"http:\/\/noticiastelered.com\/PortalDNoticias\/wp-json\/wp\/v2\/categories?post=41111"},{"taxonomy":"post_tag","embeddable":true,"href":"http:\/\/noticiastelered.com\/PortalDNoticias\/wp-json\/wp\/v2\/tags?post=41111"}],"curies":[{"name":"wp","href":"https:\/\/api.w.org\/{rel}","templated":true}]}}