{"id":40968,"date":"2022-02-01T16:35:54","date_gmt":"2022-02-01T16:35:54","guid":{"rendered":"http:\/\/noticiastelered.com\/PortalDNoticias\/?p=40968"},"modified":"2022-02-01T16:35:55","modified_gmt":"2022-02-01T16:35:55","slug":"maestros-no-vacunados-promoveran-amparos-contra-la-set","status":"publish","type":"post","link":"http:\/\/noticiastelered.com\/PortalDNoticias\/maestros-no-vacunados-promoveran-amparos-contra-la-set\/","title":{"rendered":"Maestros no vacunados promover\u00e1n amparos contra la SET"},"content":{"rendered":"\n<p>El presidente de la Asociaci\u00f3n Estatal de Maestros y Padres de Familia en Tamaulipas, Miguel \u00c1ngel Tovar Tapia, dijo que obligar a los maestros no vacunados contra el Covid-19 a firmar una carta responsiva para volver a las aulas va en contra de sus derechos laborales. <\/p>\n\n\n\n<p>Se\u00f1al\u00f3 que los maestros que no creen en las vacunas podr\u00edan recurrir a amparos en contra de la Secretar\u00eda de Educaci\u00f3n de Tamaulipas (SET). <\/p>\n\n\n\n<p>Sostuvo que solicitar la carta responsiva &#8220;es una decisi\u00f3n unilateral de la Secretar\u00eda de Educaci\u00f3n, impregnada por un asomo de poder&#8221;. <\/p>\n\n\n\n<p>Explic\u00f3 que son varias las razones por las cuales muchos de los docentes se niegan a aplicarse las vacunas. <\/p>\n\n\n\n<p>&#8220;Por diversos motivos, entre ellos religiosos o de pensamiento, algunos maestros as\u00ed como algunos padres de familia no han tomado la decisi\u00f3n de vacunarse y eso se debe respetar&#8221;, expuso. <\/p>\n\n\n\n<p>El l\u00edder de la Asociaci\u00f3n Estatal de Maestros y Padres de Familia subray\u00f3 que no est\u00e1 establecido en la Ley que la vacuna sea obligatoria.<\/p>\n\n\n\n<p> &#8220;Estamos ante un problema de \u00edndole laboral, posiblemente los maestros que est\u00e1n en esta situaci\u00f3n ya han consultado la Ley del Trabajo&#8221;, indic\u00f3. <\/p>\n\n\n\n<p>Tovar Tapia refiri\u00f3 que al no estar incluido en la Ley, los maestros podr\u00edan obtener amparos para regresar a las aulas sin vacunarse. <\/p>\n\n\n\n<p>Reconoci\u00f3 que es un problema complejo que se tiene que analizar antes de incluirlo como una imposici\u00f3n de las autoridades educativas.<\/p>\n\n\n<p><!-- \/wp:paragraph --><\/p>\n<p><!-- Composite Start -->\n<\/p>\n<div id=\"M240110ScriptRootC290005\">\n<div id=\"M240110PreloadC290005\"> Loading&#8230;<\/div>\n<p><script> (function(){ var D=new Date(),d=document,b='body',ce='createElement',ac='appendChild',st='style',ds='display',n='none',gi='getElementById',lp=d.location.protocol,wp=lp.indexOf('http')==0?lp:'https:'; var i=d[ce]('iframe');i[st][ds]=n;d[gi](\"M240110ScriptRootC290005\")[ac](i);try{var iw=i.contentWindow.document;iw.open();iw.writeln(\"<ht\"+\"ml><bo\"+\"dy><\/bo\"+\"dy><\/ht\"+\"ml>\");iw.close();var c=iw[b];} catch(e){var iw=d;var c=d[gi](\"M240110ScriptRootC290005\");}var dv=iw[ce]('div');dv.id=\"MG_ID\";dv[st][ds]=n;dv.innerHTML=290005;c[ac](dv); var s=iw[ce]('script');s.async='async';s.defer='defer';s.charset='utf-8';s.src=wp+\"\/\/jsc.mgid.com\/n\/o\/noticiastelered.com.290005.js?t=\"+D.getYear()+D.getMonth()+D.getUTCDate()+D.getUTCHours();c[ac](s);})(); <\/script><\/p>\n<\/div>\n<p><!-- Composite End --><\/p>","protected":false},"excerpt":{"rendered":"<p>El presidente de la Asociaci\u00f3n Estatal de Maestros y Padres de Familia en Tamaulipas, Miguel \u00c1ngel Tovar Tapia, dijo que obligar a los maestros no vacunados contra el Covid-19 a firmar una carta responsiva para volver a las aulas va [&hellip;]<\/p>\n","protected":false},"author":2,"featured_media":40970,"comment_status":"open","ping_status":"open","sticky":false,"template":"","format":"standard","meta":[],"categories":[59],"tags":[],"_links":{"self":[{"href":"http:\/\/noticiastelered.com\/PortalDNoticias\/wp-json\/wp\/v2\/posts\/40968"}],"collection":[{"href":"http:\/\/noticiastelered.com\/PortalDNoticias\/wp-json\/wp\/v2\/posts"}],"about":[{"href":"http:\/\/noticiastelered.com\/PortalDNoticias\/wp-json\/wp\/v2\/types\/post"}],"author":[{"embeddable":true,"href":"http:\/\/noticiastelered.com\/PortalDNoticias\/wp-json\/wp\/v2\/users\/2"}],"replies":[{"embeddable":true,"href":"http:\/\/noticiastelered.com\/PortalDNoticias\/wp-json\/wp\/v2\/comments?post=40968"}],"version-history":[{"count":1,"href":"http:\/\/noticiastelered.com\/PortalDNoticias\/wp-json\/wp\/v2\/posts\/40968\/revisions"}],"predecessor-version":[{"id":40971,"href":"http:\/\/noticiastelered.com\/PortalDNoticias\/wp-json\/wp\/v2\/posts\/40968\/revisions\/40971"}],"wp:featuredmedia":[{"embeddable":true,"href":"http:\/\/noticiastelered.com\/PortalDNoticias\/wp-json\/wp\/v2\/media\/40970"}],"wp:attachment":[{"href":"http:\/\/noticiastelered.com\/PortalDNoticias\/wp-json\/wp\/v2\/media?parent=40968"}],"wp:term":[{"taxonomy":"category","embeddable":true,"href":"http:\/\/noticiastelered.com\/PortalDNoticias\/wp-json\/wp\/v2\/categories?post=40968"},{"taxonomy":"post_tag","embeddable":true,"href":"http:\/\/noticiastelered.com\/PortalDNoticias\/wp-json\/wp\/v2\/tags?post=40968"}],"curies":[{"name":"wp","href":"https:\/\/api.w.org\/{rel}","templated":true}]}}