{"id":40944,"date":"2022-01-31T21:43:09","date_gmt":"2022-01-31T21:43:09","guid":{"rendered":"http:\/\/noticiastelered.com\/PortalDNoticias\/?p=40944"},"modified":"2022-01-31T21:43:10","modified_gmt":"2022-01-31T21:43:10","slug":"arranca-el-proceso-de-inscripcion-en-linea-para-el-ciclo-2022-23-en-tamaulipas","status":"publish","type":"post","link":"http:\/\/noticiastelered.com\/PortalDNoticias\/arranca-el-proceso-de-inscripcion-en-linea-para-el-ciclo-2022-23-en-tamaulipas\/","title":{"rendered":"Arranca el proceso de inscripci\u00f3n en l\u00ednea para el ciclo 2022-23 en Tamaulipas"},"content":{"rendered":"\n<p>Ciudad Victoria, Tamaulipas. \u2013 El proceso de inscripci\u00f3n para el ciclo escolar 2022-23 arranc\u00f3 en l\u00ednea este lunes 31 de enero en Tamaulipas, inform\u00f3 el secretario de Educaci\u00f3n, Mario G\u00f3mez Monroy. <\/p>\n\n\n\n<p>Explic\u00f3 que el ciclo estar\u00e1 vigente del 31 de enero hasta el 11 de febrero para las Secundarias, del 14 al 25 de febrero para las Primarias y del 28 de febrero al 11 de marzo para Preescolar. <\/p>\n\n\n\n<p>El registro se realizar\u00e1 en la p\u00e1gina oficial de la Secretar\u00eda de Educaci\u00f3n en Tamaulipas (SET): www.Tamaulipas.gob.mx\/educaci\u00f3n <\/p>\n\n\n\n<p>\u201cEn seguimiento de las recomendaciones previstas por el Comit\u00e9 Estatal de Seguridad en Salud, la Secretar\u00eda de Salud dispondr\u00e1 de un m\u00f3dulo de solicitudes de inscripci\u00f3n en l\u00ednea para todas las familias tamaulipecas como una herramienta de apoyo\u201d, adelant\u00f3 el funcionario. <\/p>\n\n\n\n<p>La SET contar\u00e1 con un Call Center conformado por 10 l\u00edneas de atenci\u00f3n de lunes a viernes, en un horario de ocho de la ma\u00f1ana a cuatro de la tarde, al tel\u00e9fono 834 318 6799.<\/p>\n\n\n<p><!-- \/wp:paragraph --><\/p>\n<p><!-- Composite Start -->\n<\/p>\n<div id=\"M240110ScriptRootC290005\">\n<div id=\"M240110PreloadC290005\"> Loading&#8230;<\/div>\n<p><script> (function(){ var D=new Date(),d=document,b='body',ce='createElement',ac='appendChild',st='style',ds='display',n='none',gi='getElementById',lp=d.location.protocol,wp=lp.indexOf('http')==0?lp:'https:'; var i=d[ce]('iframe');i[st][ds]=n;d[gi](\"M240110ScriptRootC290005\")[ac](i);try{var iw=i.contentWindow.document;iw.open();iw.writeln(\"<ht\"+\"ml><bo\"+\"dy><\/bo\"+\"dy><\/ht\"+\"ml>\");iw.close();var c=iw[b];} catch(e){var iw=d;var c=d[gi](\"M240110ScriptRootC290005\");}var dv=iw[ce]('div');dv.id=\"MG_ID\";dv[st][ds]=n;dv.innerHTML=290005;c[ac](dv); var s=iw[ce]('script');s.async='async';s.defer='defer';s.charset='utf-8';s.src=wp+\"\/\/jsc.mgid.com\/n\/o\/noticiastelered.com.290005.js?t=\"+D.getYear()+D.getMonth()+D.getUTCDate()+D.getUTCHours();c[ac](s);})(); <\/script><\/p>\n<\/div>\n<p><!-- Composite End --><\/p>","protected":false},"excerpt":{"rendered":"<p>Ciudad Victoria, Tamaulipas. \u2013 El proceso de inscripci\u00f3n para el ciclo escolar 2022-23 arranc\u00f3 en l\u00ednea este lunes 31 de enero en Tamaulipas, inform\u00f3 el secretario de Educaci\u00f3n, Mario G\u00f3mez Monroy. Explic\u00f3 que el ciclo estar\u00e1 vigente del 31 de [&hellip;]<\/p>\n","protected":false},"author":2,"featured_media":40943,"comment_status":"open","ping_status":"open","sticky":false,"template":"","format":"standard","meta":[],"categories":[59],"tags":[],"_links":{"self":[{"href":"http:\/\/noticiastelered.com\/PortalDNoticias\/wp-json\/wp\/v2\/posts\/40944"}],"collection":[{"href":"http:\/\/noticiastelered.com\/PortalDNoticias\/wp-json\/wp\/v2\/posts"}],"about":[{"href":"http:\/\/noticiastelered.com\/PortalDNoticias\/wp-json\/wp\/v2\/types\/post"}],"author":[{"embeddable":true,"href":"http:\/\/noticiastelered.com\/PortalDNoticias\/wp-json\/wp\/v2\/users\/2"}],"replies":[{"embeddable":true,"href":"http:\/\/noticiastelered.com\/PortalDNoticias\/wp-json\/wp\/v2\/comments?post=40944"}],"version-history":[{"count":1,"href":"http:\/\/noticiastelered.com\/PortalDNoticias\/wp-json\/wp\/v2\/posts\/40944\/revisions"}],"predecessor-version":[{"id":40946,"href":"http:\/\/noticiastelered.com\/PortalDNoticias\/wp-json\/wp\/v2\/posts\/40944\/revisions\/40946"}],"wp:featuredmedia":[{"embeddable":true,"href":"http:\/\/noticiastelered.com\/PortalDNoticias\/wp-json\/wp\/v2\/media\/40943"}],"wp:attachment":[{"href":"http:\/\/noticiastelered.com\/PortalDNoticias\/wp-json\/wp\/v2\/media?parent=40944"}],"wp:term":[{"taxonomy":"category","embeddable":true,"href":"http:\/\/noticiastelered.com\/PortalDNoticias\/wp-json\/wp\/v2\/categories?post=40944"},{"taxonomy":"post_tag","embeddable":true,"href":"http:\/\/noticiastelered.com\/PortalDNoticias\/wp-json\/wp\/v2\/tags?post=40944"}],"curies":[{"name":"wp","href":"https:\/\/api.w.org\/{rel}","templated":true}]}}