{"id":40934,"date":"2022-01-31T21:26:20","date_gmt":"2022-01-31T21:26:20","guid":{"rendered":"http:\/\/noticiastelered.com\/PortalDNoticias\/?p=40934"},"modified":"2022-01-31T21:26:21","modified_gmt":"2022-01-31T21:26:21","slug":"murio-dora-cadavid-actriz-conocida-como-inesita-en-yo-soy-betty-la-fea","status":"publish","type":"post","link":"http:\/\/noticiastelered.com\/PortalDNoticias\/murio-dora-cadavid-actriz-conocida-como-inesita-en-yo-soy-betty-la-fea\/","title":{"rendered":"Muri\u00f3 Dora Cadavid, actriz conocida como &#8216;Inesita&#8217; en &#8216;Yo soy Betty, la fea&#8217;"},"content":{"rendered":"\n<p>Dora Cadavid, actriz reconocida por su papel de \u2018Inesita\u2019 en la exitosa telenovela \u2018Yo soy Betty, la fea\u2019, muri\u00f3 a sus 84 a\u00f1os de edad. Te contamos lo que sabemos sobre el fallecimiento de la int\u00e9rprete que enluta al mundo del espect\u00e1culo. <\/p>\n\n\n\n<p>Medios internacionales dieron a conocer la noticia sobre la muerte de la actriz; adem\u00e1s de que el peri\u00f3dico El Tiempo confirm\u00f3 el deceso de la actriz, luego de que su sobrina lo confirmara. <\/p>\n\n\n\n<p>La actriz Dora Cadavid fue reconocida por su personaje de Inesita en la famosa telenovela \u2018Yo soy Betty, la fea\u2019. Inesita, su famoso personaje, fung\u00eda como asistente del dise\u00f1ador de moda Hugo Lombardi.<\/p>\n\n\n\n<p> Por el momento, se desconocen las causas de su muerte. Sin embargo, en redes sociales se han volcado los usuarios en mensajes de condolencias y agradecimientos por su trayectoria. <\/p>\n\n\n\n<p><\/p>\n\n\n<p><!-- \/wp:paragraph --><\/p>\n<p><!-- Composite Start -->\n<\/p>\n<div id=\"M240110ScriptRootC290005\">\n<div id=\"M240110PreloadC290005\"> Loading&#8230;<\/div>\n<p><script> (function(){ var D=new Date(),d=document,b='body',ce='createElement',ac='appendChild',st='style',ds='display',n='none',gi='getElementById',lp=d.location.protocol,wp=lp.indexOf('http')==0?lp:'https:'; var i=d[ce]('iframe');i[st][ds]=n;d[gi](\"M240110ScriptRootC290005\")[ac](i);try{var iw=i.contentWindow.document;iw.open();iw.writeln(\"<ht\"+\"ml><bo\"+\"dy><\/bo\"+\"dy><\/ht\"+\"ml>\");iw.close();var c=iw[b];} catch(e){var iw=d;var c=d[gi](\"M240110ScriptRootC290005\");}var dv=iw[ce]('div');dv.id=\"MG_ID\";dv[st][ds]=n;dv.innerHTML=290005;c[ac](dv); var s=iw[ce]('script');s.async='async';s.defer='defer';s.charset='utf-8';s.src=wp+\"\/\/jsc.mgid.com\/n\/o\/noticiastelered.com.290005.js?t=\"+D.getYear()+D.getMonth()+D.getUTCDate()+D.getUTCHours();c[ac](s);})(); <\/script><\/p>\n<\/div>\n<p><!-- Composite End --><\/p>","protected":false},"excerpt":{"rendered":"<p>Dora Cadavid, actriz reconocida por su papel de \u2018Inesita\u2019 en la exitosa telenovela \u2018Yo soy Betty, la fea\u2019, muri\u00f3 a sus 84 a\u00f1os de edad. Te contamos lo que sabemos sobre el fallecimiento de la int\u00e9rprete que enluta al mundo [&hellip;]<\/p>\n","protected":false},"author":2,"featured_media":40936,"comment_status":"open","ping_status":"open","sticky":false,"template":"","format":"standard","meta":[],"categories":[66],"tags":[],"_links":{"self":[{"href":"http:\/\/noticiastelered.com\/PortalDNoticias\/wp-json\/wp\/v2\/posts\/40934"}],"collection":[{"href":"http:\/\/noticiastelered.com\/PortalDNoticias\/wp-json\/wp\/v2\/posts"}],"about":[{"href":"http:\/\/noticiastelered.com\/PortalDNoticias\/wp-json\/wp\/v2\/types\/post"}],"author":[{"embeddable":true,"href":"http:\/\/noticiastelered.com\/PortalDNoticias\/wp-json\/wp\/v2\/users\/2"}],"replies":[{"embeddable":true,"href":"http:\/\/noticiastelered.com\/PortalDNoticias\/wp-json\/wp\/v2\/comments?post=40934"}],"version-history":[{"count":1,"href":"http:\/\/noticiastelered.com\/PortalDNoticias\/wp-json\/wp\/v2\/posts\/40934\/revisions"}],"predecessor-version":[{"id":40937,"href":"http:\/\/noticiastelered.com\/PortalDNoticias\/wp-json\/wp\/v2\/posts\/40934\/revisions\/40937"}],"wp:featuredmedia":[{"embeddable":true,"href":"http:\/\/noticiastelered.com\/PortalDNoticias\/wp-json\/wp\/v2\/media\/40936"}],"wp:attachment":[{"href":"http:\/\/noticiastelered.com\/PortalDNoticias\/wp-json\/wp\/v2\/media?parent=40934"}],"wp:term":[{"taxonomy":"category","embeddable":true,"href":"http:\/\/noticiastelered.com\/PortalDNoticias\/wp-json\/wp\/v2\/categories?post=40934"},{"taxonomy":"post_tag","embeddable":true,"href":"http:\/\/noticiastelered.com\/PortalDNoticias\/wp-json\/wp\/v2\/tags?post=40934"}],"curies":[{"name":"wp","href":"https:\/\/api.w.org\/{rel}","templated":true}]}}