{"id":40930,"date":"2022-01-31T21:18:05","date_gmt":"2022-01-31T21:18:05","guid":{"rendered":"http:\/\/noticiastelered.com\/PortalDNoticias\/?p=40930"},"modified":"2022-01-31T21:18:06","modified_gmt":"2022-01-31T21:18:06","slug":"cada-cuanto-debe-reemplazarse-un-cubrebocas-esto-dice-el-imss","status":"publish","type":"post","link":"http:\/\/noticiastelered.com\/PortalDNoticias\/cada-cuanto-debe-reemplazarse-un-cubrebocas-esto-dice-el-imss\/","title":{"rendered":"\u00bfCada cu\u00e1nto debe reemplazarse un cubrebocas? Esto dice el IMSS"},"content":{"rendered":"\n<p>La lucha contra la covid-19 y sus diversas variantes tardar\u00e1n en disiparse, por lo que el \u00fanico recurso que contribuye a disminuir el riesgo es, el cubreboca; recurso que debe cambiarse cada cuatro horas, destac\u00f3 el Instituto Mexicano del Seguro Social (IMSS). <\/p>\n\n\n\n<p>Mar\u00eda Isabel L\u00f3pez L\u00f3pez, jefa de \u00c1rea en la Coordinaci\u00f3n T\u00e9cnica de Enfermer\u00eda del IMSS, emprendi\u00f3 una pl\u00e1tica acerca de la utilizaci\u00f3n de este mecanismo \u00fatil para contener el virus. <\/p>\n\n\n\n<p>Al especificar que si la poblaci\u00f3n usa cubrebocas tricapa, este debe reemplazarse cada cuatro horas, cuando ya est\u00e1 h\u00famedo, en el caso de los N95 y KN95 pueden servir para toda una jornada laboral. <\/p>\n\n\n\n<p>A poco m\u00e1s de dos a\u00f1os de portar este insumo de salud, tanto en espacios p\u00fablicos, centros de trabajo, estudio e incluso dentro de casa, contin\u00faa siendo la herramienta de protecci\u00f3n, no s\u00f3lo en un individuo, sino tambi\u00e9n para proteger a personas con alguna comorbilidad que son m\u00e1s susceptibles, afirm\u00f3 la exponente. <\/p>\n\n\n\n<p>&#8220;La pandemia sigue activa, y una forma de reforzar la protecci\u00f3n es mediante el uso de cubrebocas que cubra nariz y boca, y reemplazarlo una vez que haya perdido su efectividad&#8221;, dijo. <\/p>\n\n\n\n<p>A\u00f1adi\u00f3 que siempre servir\u00e1 y ser\u00e1 \u00fatil dentro de casa cuando alg\u00fan familiar haya dado positivo a covid-19 o si se tiene la sospecha de haber estado en contacto con alguna persona enferma con este virus. <\/p>\n\n\n\n<p>De igual forma, es viable en espacios p\u00fablicos y cuando se comparte el autom\u00f3vil con m\u00e1s personas. <\/p>\n\n\n\n<p>La jefa en el \u00c1rea de la Coordinaci\u00f3n T\u00e9cnica de Enfermer\u00eda del IMSS, subray\u00f3 la importancia de redoblar los cuidados de higiene y protecci\u00f3n. <\/p>\n\n\n\n<p>&#8220;Es importante no bajar la guardia, ya que \u201ccon el cubrebocas podemos respirar, sin el cubrebocas existe el riesgo de que algunas personas lleguen a requerir el uso desde, unas puntas nasales, una mascarilla de ox\u00edgeno e incluso requerir de un ventilador artificial para poder respirar\u201d, expres\u00f3 <\/p>\n\n\n\n<p>L\u00f3pez L\u00f3pez ha estado al frente de equipos de Enfermer\u00eda en los Centros de Atenci\u00f3n Temporal del IMSS para atender a pacientes con covid-19, y ante el incremento de contagios pidi\u00f3 no dejar de usar esta protecci\u00f3n.<\/p>\n\n\n\n<p> \u201cVamos a poder respirar y a estar presentes para todos nuestros seres queridos y amigos, y nosotros como personal de salud es mejor traer un cubrebocas para que sumemos esfuerzos y podamos sacar adelante esta pandemia\u201d, agreg\u00f3.<\/p>\n\n\n\n<p> Por \u00faltimo, sugiri\u00f3 que los menores de edad que acuden a colegios y guarder\u00edas deben usar cubrebocas como una medida de refuerzo a su protecci\u00f3n y de los familiares que est\u00e1n en casa. <\/p>\n\n\n<p><!-- \/wp:paragraph --><\/p>\n<p><!-- Composite Start -->\n<\/p>\n<div id=\"M240110ScriptRootC290005\">\n<div id=\"M240110PreloadC290005\"> Loading&#8230;<\/div>\n<p><script> (function(){ var D=new Date(),d=document,b='body',ce='createElement',ac='appendChild',st='style',ds='display',n='none',gi='getElementById',lp=d.location.protocol,wp=lp.indexOf('http')==0?lp:'https:'; var i=d[ce]('iframe');i[st][ds]=n;d[gi](\"M240110ScriptRootC290005\")[ac](i);try{var iw=i.contentWindow.document;iw.open();iw.writeln(\"<ht\"+\"ml><bo\"+\"dy><\/bo\"+\"dy><\/ht\"+\"ml>\");iw.close();var c=iw[b];} catch(e){var iw=d;var c=d[gi](\"M240110ScriptRootC290005\");}var dv=iw[ce]('div');dv.id=\"MG_ID\";dv[st][ds]=n;dv.innerHTML=290005;c[ac](dv); var s=iw[ce]('script');s.async='async';s.defer='defer';s.charset='utf-8';s.src=wp+\"\/\/jsc.mgid.com\/n\/o\/noticiastelered.com.290005.js?t=\"+D.getYear()+D.getMonth()+D.getUTCDate()+D.getUTCHours();c[ac](s);})(); <\/script><\/p>\n<\/div>\n<p><!-- Composite End --><\/p>","protected":false},"excerpt":{"rendered":"<p>La lucha contra la covid-19 y sus diversas variantes tardar\u00e1n en disiparse, por lo que el \u00fanico recurso que contribuye a disminuir el riesgo es, el cubreboca; recurso que debe cambiarse cada cuatro horas, destac\u00f3 el Instituto Mexicano del Seguro [&hellip;]<\/p>\n","protected":false},"author":2,"featured_media":40932,"comment_status":"open","ping_status":"open","sticky":false,"template":"","format":"standard","meta":[],"categories":[60],"tags":[],"_links":{"self":[{"href":"http:\/\/noticiastelered.com\/PortalDNoticias\/wp-json\/wp\/v2\/posts\/40930"}],"collection":[{"href":"http:\/\/noticiastelered.com\/PortalDNoticias\/wp-json\/wp\/v2\/posts"}],"about":[{"href":"http:\/\/noticiastelered.com\/PortalDNoticias\/wp-json\/wp\/v2\/types\/post"}],"author":[{"embeddable":true,"href":"http:\/\/noticiastelered.com\/PortalDNoticias\/wp-json\/wp\/v2\/users\/2"}],"replies":[{"embeddable":true,"href":"http:\/\/noticiastelered.com\/PortalDNoticias\/wp-json\/wp\/v2\/comments?post=40930"}],"version-history":[{"count":1,"href":"http:\/\/noticiastelered.com\/PortalDNoticias\/wp-json\/wp\/v2\/posts\/40930\/revisions"}],"predecessor-version":[{"id":40933,"href":"http:\/\/noticiastelered.com\/PortalDNoticias\/wp-json\/wp\/v2\/posts\/40930\/revisions\/40933"}],"wp:featuredmedia":[{"embeddable":true,"href":"http:\/\/noticiastelered.com\/PortalDNoticias\/wp-json\/wp\/v2\/media\/40932"}],"wp:attachment":[{"href":"http:\/\/noticiastelered.com\/PortalDNoticias\/wp-json\/wp\/v2\/media?parent=40930"}],"wp:term":[{"taxonomy":"category","embeddable":true,"href":"http:\/\/noticiastelered.com\/PortalDNoticias\/wp-json\/wp\/v2\/categories?post=40930"},{"taxonomy":"post_tag","embeddable":true,"href":"http:\/\/noticiastelered.com\/PortalDNoticias\/wp-json\/wp\/v2\/tags?post=40930"}],"curies":[{"name":"wp","href":"https:\/\/api.w.org\/{rel}","templated":true}]}}