{"id":40925,"date":"2022-01-31T21:09:25","date_gmt":"2022-01-31T21:09:25","guid":{"rendered":"http:\/\/noticiastelered.com\/PortalDNoticias\/?p=40925"},"modified":"2022-01-31T21:10:05","modified_gmt":"2022-01-31T21:10:05","slug":"con-semaforo-verde-o-amarillo-podria-darse-el-regreso-a-presenciales-salud-tamaulipas","status":"publish","type":"post","link":"http:\/\/noticiastelered.com\/PortalDNoticias\/con-semaforo-verde-o-amarillo-podria-darse-el-regreso-a-presenciales-salud-tamaulipas\/","title":{"rendered":"Con sem\u00e1foro verde o amarillo podr\u00eda darse el regreso a presenciales: Salud Tamaulipas"},"content":{"rendered":"\n<p>A partir de este primero de febrero instituciones educativas de Tampico y Madero estar\u00e1n retomando clases presenciales, as\u00ed lo inform\u00f3 la Secretar\u00eda de Salud de Tamaulipas. <\/p>\n\n\n\n<p>La secretaria Gloria Molina Gamboa, destac\u00f3 que la idea es que los municipios en semaforizaci\u00f3n verde y amarillo, sean los que comiencen con esta labor. <\/p>\n\n\n\n<p>Indic\u00f3 que en una pasada reuni\u00f3n con el comit\u00e9 de Educaci\u00f3n, se entabl\u00f3 dicho di\u00e1logo en el que se asegur\u00f3 que hay condiciones para retomar actividades.<\/p>\n\n\n\n<p>&#8220;Tuvimos la reuni\u00f3n la semana pasada, el d\u00eda jueves con el Comit\u00e9 Educativo, y se est\u00e1 valorando el regreso paulatino en municipios verdes y amarillos, pero finalmente las condiciones epidemiol\u00f3gicas nos permiten hacer eso, pero Educaci\u00f3n tomar\u00e1 la decisi\u00f3n, y lo extraordinario es que ser\u00eda a partir de este primero de febrero&#8221;, dijo.<\/p>\n\n\n\n<p> De ser as\u00ed, las escuelas de los municipios de Gustavo D\u00edaz Ordaz, San Nicol\u00e1s, Casas, Miquihuana, y Bustamante, que est\u00e1n en sem\u00e1foro epidemiol\u00f3gico verde, estar\u00e1n volviendo a sus aulas. Asimismo, los catalogados en color amarillo, que en este rubro, comprende a las ciudades de: M\u00e9ndez, Abasolo, Mainero, G\u00fcemez, Tampico y Madero. <\/p>\n\n\n\n<p>La secretaria de Salud en el Estado, reiter\u00f3 que actualmente la velocidad con la que se reportaban casos positivos va en descenso, por lo que de seguir as\u00ed, el panorama traer\u00e1 una mayor seguridad en cuanto a contagios por covid-19 o las diversas variantes. <\/p>\n\n\n\n<p>&#8220;Los casos han presentado una desaceleraci\u00f3n en la positividad, es decir, se siguen presentando casos positivos, pero ya no con la misma velocidad como se presentaron en las primeras cuatro semanas de enero, de continuar as\u00ed, creo que en dos semanas m\u00e1s pudi\u00e9ramos empezar a descender&#8221; <\/p>\n\n\n\n<p>Enfatiz\u00f3, que hasta ahora solo un 1% de los que enferm\u00f3 por el virus SARS-CoV-2, se encuentra muy grave, pero el 96%, es de car\u00e1cter leve.<\/p>\n\n\n\n<p> &#8220;Tenemos casos activos totales que ustedes saben que son positivos de cero a 14 d\u00edas; tenemos 14 mil 200 casos en todo el estado, de los cuales el 96% son leves, y el 3%, graves, y el 1%, muy graves&#8221;, refiri\u00f3. <\/p>\n\n\n\n<p><\/p>\n\n\n<p><!-- \/wp:paragraph --><\/p>\n<p><!-- Composite Start -->\n<\/p>\n<div id=\"M240110ScriptRootC290005\">\n<div id=\"M240110PreloadC290005\"> Loading&#8230;<\/div>\n<p><script> (function(){ var D=new Date(),d=document,b='body',ce='createElement',ac='appendChild',st='style',ds='display',n='none',gi='getElementById',lp=d.location.protocol,wp=lp.indexOf('http')==0?lp:'https:'; var i=d[ce]('iframe');i[st][ds]=n;d[gi](\"M240110ScriptRootC290005\")[ac](i);try{var iw=i.contentWindow.document;iw.open();iw.writeln(\"<ht\"+\"ml><bo\"+\"dy><\/bo\"+\"dy><\/ht\"+\"ml>\");iw.close();var c=iw[b];} catch(e){var iw=d;var c=d[gi](\"M240110ScriptRootC290005\");}var dv=iw[ce]('div');dv.id=\"MG_ID\";dv[st][ds]=n;dv.innerHTML=290005;c[ac](dv); var s=iw[ce]('script');s.async='async';s.defer='defer';s.charset='utf-8';s.src=wp+\"\/\/jsc.mgid.com\/n\/o\/noticiastelered.com.290005.js?t=\"+D.getYear()+D.getMonth()+D.getUTCDate()+D.getUTCHours();c[ac](s);})(); <\/script><\/p>\n<\/div>\n<p><!-- Composite End --><\/p>","protected":false},"excerpt":{"rendered":"<p>A partir de este primero de febrero instituciones educativas de Tampico y Madero estar\u00e1n retomando clases presenciales, as\u00ed lo inform\u00f3 la Secretar\u00eda de Salud de Tamaulipas. La secretaria Gloria Molina Gamboa, destac\u00f3 que la idea es que los municipios en [&hellip;]<\/p>\n","protected":false},"author":2,"featured_media":40927,"comment_status":"open","ping_status":"open","sticky":false,"template":"","format":"standard","meta":[],"categories":[59],"tags":[],"_links":{"self":[{"href":"http:\/\/noticiastelered.com\/PortalDNoticias\/wp-json\/wp\/v2\/posts\/40925"}],"collection":[{"href":"http:\/\/noticiastelered.com\/PortalDNoticias\/wp-json\/wp\/v2\/posts"}],"about":[{"href":"http:\/\/noticiastelered.com\/PortalDNoticias\/wp-json\/wp\/v2\/types\/post"}],"author":[{"embeddable":true,"href":"http:\/\/noticiastelered.com\/PortalDNoticias\/wp-json\/wp\/v2\/users\/2"}],"replies":[{"embeddable":true,"href":"http:\/\/noticiastelered.com\/PortalDNoticias\/wp-json\/wp\/v2\/comments?post=40925"}],"version-history":[{"count":2,"href":"http:\/\/noticiastelered.com\/PortalDNoticias\/wp-json\/wp\/v2\/posts\/40925\/revisions"}],"predecessor-version":[{"id":40929,"href":"http:\/\/noticiastelered.com\/PortalDNoticias\/wp-json\/wp\/v2\/posts\/40925\/revisions\/40929"}],"wp:featuredmedia":[{"embeddable":true,"href":"http:\/\/noticiastelered.com\/PortalDNoticias\/wp-json\/wp\/v2\/media\/40927"}],"wp:attachment":[{"href":"http:\/\/noticiastelered.com\/PortalDNoticias\/wp-json\/wp\/v2\/media?parent=40925"}],"wp:term":[{"taxonomy":"category","embeddable":true,"href":"http:\/\/noticiastelered.com\/PortalDNoticias\/wp-json\/wp\/v2\/categories?post=40925"},{"taxonomy":"post_tag","embeddable":true,"href":"http:\/\/noticiastelered.com\/PortalDNoticias\/wp-json\/wp\/v2\/tags?post=40925"}],"curies":[{"name":"wp","href":"https:\/\/api.w.org\/{rel}","templated":true}]}}