{"id":40843,"date":"2022-01-30T21:40:15","date_gmt":"2022-01-30T21:40:15","guid":{"rendered":"http:\/\/noticiastelered.com\/PortalDNoticias\/?p=40843"},"modified":"2022-01-30T21:40:15","modified_gmt":"2022-01-30T21:40:15","slug":"pese-a-clases-en-linea-35-maestros-de-tampico-contraen-covid-19","status":"publish","type":"post","link":"http:\/\/noticiastelered.com\/PortalDNoticias\/pese-a-clases-en-linea-35-maestros-de-tampico-contraen-covid-19\/","title":{"rendered":"Pese a clases en l\u00ednea, 35 maestros de Tampico contraen covid-19"},"content":{"rendered":"\n<p>En Tamaulipas todo indica que las clases van a seguir a distancia en el mes de febrero, a\u00fan cuando el plan era regresar a presenciales en dicho mes, todo debido a los casos positivos a coronavirus en maestros. <\/p>\n\n\n\n<p>Jos\u00e9 Juan Gallegos, titular del Centro de Desarrollo Educativo en Tampico, inform\u00f3 que esperan la indicaci\u00f3n de la autoridad estatal; sin embargo, todo indica que las clases seguir\u00e1n por internet. <\/p>\n\n\n\n<p>\u201cHasta ahora estaremos a distancia, estamos en un momento complicado en materia de contagios, el sem\u00e1foro en la zona es rojo y estaremos en l\u00ednea algunas semanas m\u00e1s\u201d, sostuvo la autoridad. <\/p>\n\n\n\n<p>El motivo principal es el caso de positivos a coronavirus en enero de 2022, reconoci\u00f3 el funcionario tamaulipeco, as\u00ed que no es correcto exponer a los estudiantes. <\/p>\n\n\n\n<p>Detall\u00f3 la autoridad que del 10 de enero a la fecha se tienen reportados al Crede 45 casos positivos de covid-19, de los cuales 35 son maestros y el resto personal administrativo. <\/p>\n\n\n\n<p>\u201cSon los casos que hasta ahora tenemos, los 45 positivos de maestros y personal administrativo, son los que hasta ahora nos reportan pero seguramente deben ser m\u00e1s\u201d, puntualiz\u00f3 el titular del Crede en el puerto. <\/p>\n\n\n\n<p>Los casos positivos de coronavirus se est\u00e1n dando en un periodo en el que las clases se encuentran en el sistema a distancia y despu\u00e9s del periodo vacacional decembrino, el cual de inmediato represent\u00f3 un aumento en los contagios. <\/p>\n\n\n\n<p>Hay algunos trabajadores de la educaci\u00f3n que, a pesar de ser positivos y al no tener s\u00edntomas fuertes, optan por mantener las clases a distancia, pero hay otros que no est\u00e1n a cargo de sus respectivos grupos. <\/p>\n\n\n\n<p>El objetivo de la Secretar\u00eda de Educaci\u00f3n de Tamaulipas era volver a clases en el formato presencial a partir del mes de febrero, luego de la baja en los casos durante la recta final del 2021. <\/p>\n\n\n\n<p>Informaci\u00f3n del Crede en el municipio refiere que, de las m\u00e1s de 160 instituciones p\u00fablicas existentes, son cien las que cuentan con todo lo necesario para volver a las aulas si as\u00ed lo acuerdan las autoridades educativas y sanitarias.<\/p>\n\n\n\n<p> Apenas la semana pasada los trabajadores de la educaci\u00f3n recibieron la vacuna de refuerzo de la farmac\u00e9utica Moderna, que es la segunda destinada para el magisterio, ya que a principios de 2021 fueron inoculados con CanSino. <\/p>\n","protected":false},"excerpt":{"rendered":"<p>En Tamaulipas todo indica que las clases van a seguir a distancia en el mes de febrero, a\u00fan cuando el plan era regresar a presenciales en dicho mes, todo debido a los casos positivos a coronavirus en maestros. Jos\u00e9 Juan [&hellip;]<\/p>\n","protected":false},"author":2,"featured_media":40845,"comment_status":"open","ping_status":"open","sticky":false,"template":"","format":"standard","meta":[],"categories":[59],"tags":[],"_links":{"self":[{"href":"http:\/\/noticiastelered.com\/PortalDNoticias\/wp-json\/wp\/v2\/posts\/40843"}],"collection":[{"href":"http:\/\/noticiastelered.com\/PortalDNoticias\/wp-json\/wp\/v2\/posts"}],"about":[{"href":"http:\/\/noticiastelered.com\/PortalDNoticias\/wp-json\/wp\/v2\/types\/post"}],"author":[{"embeddable":true,"href":"http:\/\/noticiastelered.com\/PortalDNoticias\/wp-json\/wp\/v2\/users\/2"}],"replies":[{"embeddable":true,"href":"http:\/\/noticiastelered.com\/PortalDNoticias\/wp-json\/wp\/v2\/comments?post=40843"}],"version-history":[{"count":1,"href":"http:\/\/noticiastelered.com\/PortalDNoticias\/wp-json\/wp\/v2\/posts\/40843\/revisions"}],"predecessor-version":[{"id":40846,"href":"http:\/\/noticiastelered.com\/PortalDNoticias\/wp-json\/wp\/v2\/posts\/40843\/revisions\/40846"}],"wp:featuredmedia":[{"embeddable":true,"href":"http:\/\/noticiastelered.com\/PortalDNoticias\/wp-json\/wp\/v2\/media\/40845"}],"wp:attachment":[{"href":"http:\/\/noticiastelered.com\/PortalDNoticias\/wp-json\/wp\/v2\/media?parent=40843"}],"wp:term":[{"taxonomy":"category","embeddable":true,"href":"http:\/\/noticiastelered.com\/PortalDNoticias\/wp-json\/wp\/v2\/categories?post=40843"},{"taxonomy":"post_tag","embeddable":true,"href":"http:\/\/noticiastelered.com\/PortalDNoticias\/wp-json\/wp\/v2\/tags?post=40843"}],"curies":[{"name":"wp","href":"https:\/\/api.w.org\/{rel}","templated":true}]}}