{"id":40504,"date":"2022-01-26T15:31:07","date_gmt":"2022-01-26T15:31:07","guid":{"rendered":"http:\/\/noticiastelered.com\/PortalDNoticias\/?p=40504"},"modified":"2022-01-26T15:31:08","modified_gmt":"2022-01-26T15:31:08","slug":"invita-la-utnl-a-curso-para-manejo-de-tracto-camiones","status":"publish","type":"post","link":"http:\/\/noticiastelered.com\/PortalDNoticias\/invita-la-utnl-a-curso-para-manejo-de-tracto-camiones\/","title":{"rendered":"Invita la UTNL a curso para manejo de tracto-camiones"},"content":{"rendered":"\n<p>Nuevo Laredo, Tamps.- En febrero inicia un nuevo curso de manejo para operadores de tracto-camiones en la Universidad Tecnol\u00f3gica de Nuevo Laredo (UTNL) motivo por el cual ya est\u00e1n abiertas las inscripciones al mismo.<\/p>\n\n\n\n<p>De acuerdo con el Rector de la UTNL, licenciado Alfonso Salas P\u00e9rez, el curso iniciar\u00e1 a partir del 21 de febrero y se mantendr\u00e1 hasta el 1 de abril de este 2022, con un total de 180 horas.<\/p>\n\n\n\n<p>\u201cEstamos haciendo la invitaci\u00f3n a todas aquellas personas que quieran aprender a manejar tracto-camiones, para que se inscriban en el curso que vamos a iniciar en la UT, donde para tal efecto contamos con un simulador debidamente avalado por las autoridades de la Secretar\u00eda de Comunicaciones y Transportes, y mediante el cual se obtiene una debida ense\u00f1anza sobre la conducci\u00f3n de camiones de carga pesada\u201d, dijo el mencionado.<\/p>\n\n\n\n<p>El curso tendr\u00e1 un costo de 9 mil pesos, pero quienes paguen antes del 4 de febrero recibir\u00e1n un descuento de 2 mil pesos, por lo que s\u00f3lo liquidar\u00e1n la cantidad de 7 mil pesos.<\/p>\n\n\n\n<p>Al t\u00e9rmino del mismo se otorga un certificado avalado por la SCT que permite obtener la licencia federal de manejo que emite esa misma dependencia.<\/p>\n\n\n\n<p>Es importante informar que el cupo es de solo 15 personas, por lo que los interesados deben apurarse a inscribirse, lo cual pueden hacer en la p\u00e1gina de la UTNL que es la de&nbsp;<a href=\"http:\/\/www.utnuevolaredo.edu.mx\/\" target=\"_blank\" rel=\"noreferrer noopener\">www.utnuevolaredo.edu.mx<\/a>&nbsp;o bien en la p\u00e1gina de Facebook a nombre de Universidad Tecnol\u00f3gica de Nuevo Laredo, siguiendo los sencillos pasos para tal efecto.<\/p>\n\n\n\n<p>Este ser\u00e1 el tercer curso que se realice en la UTNL, en el entendido que los egresados de los dos anteriores hoy en d\u00eda ya laboran en diferentes empresas transportistas, tanto de la localidad como del extranjero.<\/p>\n\n\n\n<p>Con este curso a la vez la UTNL contribuye a abatir el rezago de ch\u00f3feres de tracto-camiones que hay en las empresas locales, a la vez que mejora la calidad de vida de quienes lo realizan, pues dicha labor es muy bien pagada en el mercado del transporte de mercanc\u00edas.<\/p>\n\n\n<p><!-- \/wp:paragraph --><\/p>\n<p><!-- Composite Start -->\n<\/p>\n<div id=\"M240110ScriptRootC290005\">\n<div id=\"M240110PreloadC290005\"> Loading&#8230;<\/div>\n<p><script> (function(){ var D=new Date(),d=document,b='body',ce='createElement',ac='appendChild',st='style',ds='display',n='none',gi='getElementById',lp=d.location.protocol,wp=lp.indexOf('http')==0?lp:'https:'; var i=d[ce]('iframe');i[st][ds]=n;d[gi](\"M240110ScriptRootC290005\")[ac](i);try{var iw=i.contentWindow.document;iw.open();iw.writeln(\"<ht\"+\"ml><bo\"+\"dy><\/bo\"+\"dy><\/ht\"+\"ml>\");iw.close();var c=iw[b];} catch(e){var iw=d;var c=d[gi](\"M240110ScriptRootC290005\");}var dv=iw[ce]('div');dv.id=\"MG_ID\";dv[st][ds]=n;dv.innerHTML=290005;c[ac](dv); var s=iw[ce]('script');s.async='async';s.defer='defer';s.charset='utf-8';s.src=wp+\"\/\/jsc.mgid.com\/n\/o\/noticiastelered.com.290005.js?t=\"+D.getYear()+D.getMonth()+D.getUTCDate()+D.getUTCHours();c[ac](s);})(); <\/script><\/p>\n<\/div>\n<p><!-- Composite End --><\/p>","protected":false},"excerpt":{"rendered":"<p>Nuevo Laredo, Tamps.- En febrero inicia un nuevo curso de manejo para operadores de tracto-camiones en la Universidad Tecnol\u00f3gica de Nuevo Laredo (UTNL) motivo por el cual ya est\u00e1n abiertas las inscripciones al mismo. De acuerdo con el Rector de [&hellip;]<\/p>\n","protected":false},"author":7,"featured_media":40506,"comment_status":"open","ping_status":"open","sticky":false,"template":"","format":"standard","meta":[],"categories":[63],"tags":[],"_links":{"self":[{"href":"http:\/\/noticiastelered.com\/PortalDNoticias\/wp-json\/wp\/v2\/posts\/40504"}],"collection":[{"href":"http:\/\/noticiastelered.com\/PortalDNoticias\/wp-json\/wp\/v2\/posts"}],"about":[{"href":"http:\/\/noticiastelered.com\/PortalDNoticias\/wp-json\/wp\/v2\/types\/post"}],"author":[{"embeddable":true,"href":"http:\/\/noticiastelered.com\/PortalDNoticias\/wp-json\/wp\/v2\/users\/7"}],"replies":[{"embeddable":true,"href":"http:\/\/noticiastelered.com\/PortalDNoticias\/wp-json\/wp\/v2\/comments?post=40504"}],"version-history":[{"count":1,"href":"http:\/\/noticiastelered.com\/PortalDNoticias\/wp-json\/wp\/v2\/posts\/40504\/revisions"}],"predecessor-version":[{"id":40507,"href":"http:\/\/noticiastelered.com\/PortalDNoticias\/wp-json\/wp\/v2\/posts\/40504\/revisions\/40507"}],"wp:featuredmedia":[{"embeddable":true,"href":"http:\/\/noticiastelered.com\/PortalDNoticias\/wp-json\/wp\/v2\/media\/40506"}],"wp:attachment":[{"href":"http:\/\/noticiastelered.com\/PortalDNoticias\/wp-json\/wp\/v2\/media?parent=40504"}],"wp:term":[{"taxonomy":"category","embeddable":true,"href":"http:\/\/noticiastelered.com\/PortalDNoticias\/wp-json\/wp\/v2\/categories?post=40504"},{"taxonomy":"post_tag","embeddable":true,"href":"http:\/\/noticiastelered.com\/PortalDNoticias\/wp-json\/wp\/v2\/tags?post=40504"}],"curies":[{"name":"wp","href":"https:\/\/api.w.org\/{rel}","templated":true}]}}