{"id":40490,"date":"2022-01-26T00:40:04","date_gmt":"2022-01-26T00:40:04","guid":{"rendered":"http:\/\/noticiastelered.com\/PortalDNoticias\/?p=40490"},"modified":"2022-01-26T00:40:05","modified_gmt":"2022-01-26T00:40:05","slug":"cecati-y-municipio-ofreceran-talleres-de-oficio-gratis","status":"publish","type":"post","link":"http:\/\/noticiastelered.com\/PortalDNoticias\/cecati-y-municipio-ofreceran-talleres-de-oficio-gratis\/","title":{"rendered":"CECATI y Municipio ofrecer\u00e1n talleres de oficio gratis"},"content":{"rendered":"\n<p><\/p>\n\n\n\n<p>Para promover el emprendedurismo, el Gobierno Municipal invirti\u00f3 aproximadamente 2 millones de pesos en la apertura de 11 Talleres de Oficio y el equipo requerido, que beneficiar\u00e1n a un promedio de 600 personas en 6 meses de capacitaci\u00f3n.<\/p>\n\n\n\n<p>Los Talleres de Oficio se impartir\u00e1n en 26 grupos de manera gratuita para mayores de 15 a\u00f1os, al terminar la capacitaci\u00f3n, los participantes recibir\u00e1n una certificaci\u00f3n oficial de la Secretar\u00eda de Educaci\u00f3n P\u00fablica (SEP), documento con valor curricular.<\/p>\n\n\n\n<p>\u201cEs un compromiso que tenemos con toda la poblaci\u00f3n, queremos ser facilitadores y que los ciudadanos tengan las habilidades para emprender y llevar sustento a su hogar, queremos que los ciudadanos vivan mejor y tengan una mejor calidad de vida\u201d, resalt\u00f3 la alcaldesa, Carmen Lilia Canturosas Villarreal.<\/p>\n\n\n\n<p>Estas capacitaciones abarcan talleres como: ingl\u00e9s I, barber shop, reposter\u00eda b\u00e1sica, cosmetolog\u00eda y spa, dise\u00f1o gr\u00e1fico y redes sociales.<\/p>\n\n\n\n<p>La Presidenta Municipal explic\u00f3 que se realiz\u00f3 un censo para conocer el inter\u00e9s de los ciudadanos y brindar estos talleres y las herramientas para el autoempleo.<\/p>\n\n\n\n<p>Coment\u00f3 que con una visi\u00f3n human\u00edstica, se firm\u00f3 un convenio con el Centro de Capacitaci\u00f3n para el Trabajo Industrial #193 (CECATI), instituto que suma sus esfuerzos junto al Municipio para acercar a la ciudadan\u00eda estos talleres con el objetivo de impulsar la educaci\u00f3n y la formaci\u00f3n para el trabajo.<\/p>\n\n\n\n<p>\u201cSumaremos en el proceso de ense\u00f1anza, trabajaremos de la mano con los instructores y acercaremos a la poblaci\u00f3n con una beca del 100 por ciento estas capacitaciones, s\u00f3lo se cubrir\u00e1 una cuota simb\u00f3lica de 100 pesos para emitir la constancia de la SEP\u201d, destac\u00f3 la responsable de las funciones de direcci\u00f3n del CECATI #193, Patricia Morena.<\/p>\n\n\n\n<p>Los Talleres ser\u00e1n impartidos en los siguientes Centros Comunitarios: Villas de San Miguel, Francisco Villa, Ampliaci\u00f3n El Nogal, Campo Real y Los Encinos.<\/p>\n\n\n\n<p>Tambi\u00e9n se ofrecer\u00e1n en los siguientes Tamul: Am\u00e9rico Villarreal, Colinas del Sur, El Progreso, Villas de San Miguel y Villas del Sol.<\/p>\n\n\n\n<p>Para inscribirse en estos Talleres, se podr\u00e1 acudir hasta el 27 de enero en un horario de 12:00 a 7:00 de la tarde a cualquiera de las sedes, presentando dos copias de: acta de nacimiento, CURP, comprobante de domicilio y credencial de elector.<\/p>\n\n\n\n<p>Durante la firma del convenio, se cont\u00f3 con la presencia del Tercer Regidor, Jos\u00e9 Fidencio Cant\u00fa; el Onceavo Regidor, Jorge Osvaldo Valdez Vargas; la Secretaria de Bienestar Social, Leticia Meneses Camino y el Director de Bienestar Social, Miguel \u00c1ngel Carrillo Barrios.<\/p>\n","protected":false},"excerpt":{"rendered":"<p>Para promover el emprendedurismo, el Gobierno Municipal invirti\u00f3 aproximadamente 2 millones de pesos en la apertura de 11 Talleres de Oficio y el equipo requerido, que beneficiar\u00e1n a un promedio de 600 personas en 6 meses de capacitaci\u00f3n. Los Talleres [&hellip;]<\/p>\n","protected":false},"author":7,"featured_media":0,"comment_status":"open","ping_status":"open","sticky":false,"template":"","format":"standard","meta":[],"categories":[1],"tags":[],"_links":{"self":[{"href":"http:\/\/noticiastelered.com\/PortalDNoticias\/wp-json\/wp\/v2\/posts\/40490"}],"collection":[{"href":"http:\/\/noticiastelered.com\/PortalDNoticias\/wp-json\/wp\/v2\/posts"}],"about":[{"href":"http:\/\/noticiastelered.com\/PortalDNoticias\/wp-json\/wp\/v2\/types\/post"}],"author":[{"embeddable":true,"href":"http:\/\/noticiastelered.com\/PortalDNoticias\/wp-json\/wp\/v2\/users\/7"}],"replies":[{"embeddable":true,"href":"http:\/\/noticiastelered.com\/PortalDNoticias\/wp-json\/wp\/v2\/comments?post=40490"}],"version-history":[{"count":1,"href":"http:\/\/noticiastelered.com\/PortalDNoticias\/wp-json\/wp\/v2\/posts\/40490\/revisions"}],"predecessor-version":[{"id":40495,"href":"http:\/\/noticiastelered.com\/PortalDNoticias\/wp-json\/wp\/v2\/posts\/40490\/revisions\/40495"}],"wp:attachment":[{"href":"http:\/\/noticiastelered.com\/PortalDNoticias\/wp-json\/wp\/v2\/media?parent=40490"}],"wp:term":[{"taxonomy":"category","embeddable":true,"href":"http:\/\/noticiastelered.com\/PortalDNoticias\/wp-json\/wp\/v2\/categories?post=40490"},{"taxonomy":"post_tag","embeddable":true,"href":"http:\/\/noticiastelered.com\/PortalDNoticias\/wp-json\/wp\/v2\/tags?post=40490"}],"curies":[{"name":"wp","href":"https:\/\/api.w.org\/{rel}","templated":true}]}}