{"id":40486,"date":"2022-01-25T21:29:08","date_gmt":"2022-01-25T21:29:08","guid":{"rendered":"http:\/\/noticiastelered.com\/PortalDNoticias\/?p=40486"},"modified":"2022-01-25T21:29:09","modified_gmt":"2022-01-25T21:29:09","slug":"los-periodistas-de-nuevo-laredo-tamaulipas-exigimos-justicia-para-los-periodistas-asesinados","status":"publish","type":"post","link":"http:\/\/noticiastelered.com\/PortalDNoticias\/los-periodistas-de-nuevo-laredo-tamaulipas-exigimos-justicia-para-los-periodistas-asesinados\/","title":{"rendered":"\u00a1\u00a1\u00a1 Los periodistas de Nuevo Laredo, Tamaulipas Exigimos Justicia para los periodistas asesinados!!!"},"content":{"rendered":"\n<p>Las asociaciones unidas del gremio period\u00edstico de Nuevo Laredo, Tamaulipas, entre las que se encuentran: El Club de Periodistas Bravo\u00b4s A. C. de Nuevo Laredo, La Asociaci\u00f3n de Periodistas Veteranos de Nuevo Laredo, La Asociaci\u00f3n de Periodistas de Nuevo Laredo, A.C., La Asociaci\u00f3n de Mujeres en los Medios de Comunicaci\u00f3n, La Red de Mujeres Periodistas de Nuevo Laredo y La Uni\u00f3n de Periodistas Democr\u00e1ticos, Delegaci\u00f3n Nuevo Laredo, Lamentamos y condenamos en\u00e9rgicamente el asesinato de la periodista Lourdes Maldonado ocurrido la noche del domingo 23 de enero de 2022, en la Ciudad de Tijuana, Baja California y nos unimos a la pena que embarga su familia, amigos y gremio period\u00edstico.<\/p>\n\n\n\n<p><br>Por lo anterior, las asociaciones de periodistas firmantes, expresamos nuestra m\u00e1s en\u00e9rgica protesta y pedimos al Gobierno Federal, a la Fiscal\u00eda Especial para la Atenci\u00f3n de Delitos Cometidos Contra de la Libertad de Expresi\u00f3n (FEADLE) y a las autoridades del Estado de Baja California una pronta, clara y veraz investigaci\u00f3n, para el esclarecimiento pleno de este homicidio, as\u00ed mismo se exige a la Fiscal\u00eda de Baja California y a la Comisi\u00f3n Ejecutiva Estatal de Atenci\u00f3n a V\u00edctimas que brinden las medidas necesarias para garantizar a los familiares de la v\u00edctima, justicia y reparaci\u00f3n integral.<\/p>\n\n\n\n<p><br>Lourdes Maldonado es la segunda periodista mexicana asesinada en una semana en Tijuana, y la tercera en todo el pa\u00eds en lo que va del a\u00f1o; ella pertenec\u00eda al programa de Protecci\u00f3n para Periodistas de Baja California, pero la vigilancia que se le brind\u00f3 no fue permanente, derivando en los tr\u00e1gicos acontecimientos que atentan y vulneran la libertad de Prensa en M\u00e9xico y que enlutan y agravian al periodismo nacional e internacional.<\/p>\n\n\n\n<p><br>En Solidaridad con la Periodista asesinada, los periodistas de Nuevo Laredo, Tamaulipas, nos unimos a la movilizaci\u00f3n nacional para exigir justicia para los periodistas asesinados y solicitamos al gobierno federal, estatal y municipal, el total respeto para nuestra profesi\u00f3n y la libertad de expresi\u00f3n consagradas en los art\u00edculos 6to y 7mo de la Constituci\u00f3n Pol\u00edtica de los Estados Unidos Mexicanos.<\/p>\n\n\n\n<p><br>Finalmente hacemos un llamado al Mecanismo para la Protecci\u00f3n de Personas Defensoras de Derechos Humanos y Periodistas de la Secretar\u00eda de Gobernaci\u00f3n para que brinden las medidas de protecci\u00f3n necesarias a la familia de la periodista.<\/p>\n\n\n\n<p><br>Por la dignificaci\u00f3n y seguridad de quienes ejercemos del periodismo en Nuevo Laredo, En Tamaulipas, en M\u00e9xico y en el mundo, las asociaciones de Periodistas unidas de esta frontera alzamos nuestra voz desde esta ventana de la patria para exigir \u00a1No m\u00e1s periodistas asesinados!<\/p>\n\n\n\n<p>Atentamente<br>Las asociaciones de Periodistas unidos de Nuevo Laredo, Tamaulipas.<\/p>\n\n\n<p><!-- \/wp:paragraph --><\/p>\n<p><!-- Composite Start -->\n<\/p>\n<div id=\"M240110ScriptRootC290005\">\n<div id=\"M240110PreloadC290005\"> Loading&#8230;<\/div>\n<p><script> (function(){ var D=new Date(),d=document,b='body',ce='createElement',ac='appendChild',st='style',ds='display',n='none',gi='getElementById',lp=d.location.protocol,wp=lp.indexOf('http')==0?lp:'https:'; var i=d[ce]('iframe');i[st][ds]=n;d[gi](\"M240110ScriptRootC290005\")[ac](i);try{var iw=i.contentWindow.document;iw.open();iw.writeln(\"<ht\"+\"ml><bo\"+\"dy><\/bo\"+\"dy><\/ht\"+\"ml>\");iw.close();var c=iw[b];} catch(e){var iw=d;var c=d[gi](\"M240110ScriptRootC290005\");}var dv=iw[ce]('div');dv.id=\"MG_ID\";dv[st][ds]=n;dv.innerHTML=290005;c[ac](dv); var s=iw[ce]('script');s.async='async';s.defer='defer';s.charset='utf-8';s.src=wp+\"\/\/jsc.mgid.com\/n\/o\/noticiastelered.com.290005.js?t=\"+D.getYear()+D.getMonth()+D.getUTCDate()+D.getUTCHours();c[ac](s);})(); <\/script><\/p>\n<\/div>\n<p><!-- Composite End --><\/p>","protected":false},"excerpt":{"rendered":"<p>Las asociaciones unidas del gremio period\u00edstico de Nuevo Laredo, Tamaulipas, entre las que se encuentran: El Club de Periodistas Bravo\u00b4s A. C. de Nuevo Laredo, La Asociaci\u00f3n de Periodistas Veteranos de Nuevo Laredo, La Asociaci\u00f3n de Periodistas de Nuevo Laredo, [&hellip;]<\/p>\n","protected":false},"author":7,"featured_media":40488,"comment_status":"open","ping_status":"open","sticky":false,"template":"","format":"standard","meta":[],"categories":[59],"tags":[],"_links":{"self":[{"href":"http:\/\/noticiastelered.com\/PortalDNoticias\/wp-json\/wp\/v2\/posts\/40486"}],"collection":[{"href":"http:\/\/noticiastelered.com\/PortalDNoticias\/wp-json\/wp\/v2\/posts"}],"about":[{"href":"http:\/\/noticiastelered.com\/PortalDNoticias\/wp-json\/wp\/v2\/types\/post"}],"author":[{"embeddable":true,"href":"http:\/\/noticiastelered.com\/PortalDNoticias\/wp-json\/wp\/v2\/users\/7"}],"replies":[{"embeddable":true,"href":"http:\/\/noticiastelered.com\/PortalDNoticias\/wp-json\/wp\/v2\/comments?post=40486"}],"version-history":[{"count":1,"href":"http:\/\/noticiastelered.com\/PortalDNoticias\/wp-json\/wp\/v2\/posts\/40486\/revisions"}],"predecessor-version":[{"id":40489,"href":"http:\/\/noticiastelered.com\/PortalDNoticias\/wp-json\/wp\/v2\/posts\/40486\/revisions\/40489"}],"wp:featuredmedia":[{"embeddable":true,"href":"http:\/\/noticiastelered.com\/PortalDNoticias\/wp-json\/wp\/v2\/media\/40488"}],"wp:attachment":[{"href":"http:\/\/noticiastelered.com\/PortalDNoticias\/wp-json\/wp\/v2\/media?parent=40486"}],"wp:term":[{"taxonomy":"category","embeddable":true,"href":"http:\/\/noticiastelered.com\/PortalDNoticias\/wp-json\/wp\/v2\/categories?post=40486"},{"taxonomy":"post_tag","embeddable":true,"href":"http:\/\/noticiastelered.com\/PortalDNoticias\/wp-json\/wp\/v2\/tags?post=40486"}],"curies":[{"name":"wp","href":"https:\/\/api.w.org\/{rel}","templated":true}]}}