{"id":39912,"date":"2022-01-19T21:06:22","date_gmt":"2022-01-19T21:06:22","guid":{"rendered":"http:\/\/noticiastelered.com\/PortalDNoticias\/?p=39912"},"modified":"2022-01-19T21:06:25","modified_gmt":"2022-01-19T21:06:25","slug":"contribuyentes-tendrian-que-pagar-placas-en-2022","status":"publish","type":"post","link":"http:\/\/noticiastelered.com\/PortalDNoticias\/contribuyentes-tendrian-que-pagar-placas-en-2022\/","title":{"rendered":"Contribuyentes tendr\u00edan que pagar placas en 2022"},"content":{"rendered":"\n<p>La Comisi\u00f3n de Finanzas, Planeaci\u00f3n, Presupuesto y Deuda P\u00fablica, en el Congreso local, analizar\u00e1 y contestar\u00e1 las observaciones que el Ejecutivo Estatal plante\u00f3 para vetar el aplazamiento para el canje de placas.<\/p>\n\n\n\n<p>El presidente de la Comisi\u00f3n de Seguridad P\u00fablica, Prevenci\u00f3n y Reinserci\u00f3n Social en dicho \u00f3rgano legislativo Marco Antonio Gallegos asegur\u00f3 que el tema del canje de placas, es una \u201cbandera electoral\u201d que quiere utilizar el Partido Acci\u00f3n Nacional.<\/p>\n\n\n<p><!-- Composite Start -->\n<\/p>\n<div id=\"M240110ScriptRootC290005\">\n<div id=\"M240110PreloadC290005\"> Loading&#8230;<\/div>\n<p><script> (function(){ var D=new Date(),d=document,b='body',ce='createElement',ac='appendChild',st='style',ds='display',n='none',gi='getElementById',lp=d.location.protocol,wp=lp.indexOf('http')==0?lp:'https:'; var i=d[ce]('iframe');i[st][ds]=n;d[gi](\"M240110ScriptRootC290005\")[ac](i);try{var iw=i.contentWindow.document;iw.open();iw.writeln(\"<ht\"+\"ml><bo\"+\"dy><\/bo\"+\"dy><\/ht\"+\"ml>\");iw.close();var c=iw[b];} catch(e){var iw=d;var c=d[gi](\"M240110ScriptRootC290005\");}var dv=iw[ce]('div');dv.id=\"MG_ID\";dv[st][ds]=n;dv.innerHTML=290005;c[ac](dv); var s=iw[ce]('script');s.async='async';s.defer='defer';s.charset='utf-8';s.src=wp+\"\/\/jsc.mgid.com\/n\/o\/noticiastelered.com.290005.js?t=\"+D.getYear()+D.getMonth()+D.getUTCDate()+D.getUTCHours();c[ac](s);})(); <\/script><\/p>\n<\/div>\n<p><!-- Composite End --><\/p>","protected":false},"excerpt":{"rendered":"<p>La Comisi\u00f3n de Finanzas, Planeaci\u00f3n, Presupuesto y Deuda P\u00fablica, en el Congreso local, analizar\u00e1 y contestar\u00e1 las observaciones que el Ejecutivo Estatal plante\u00f3 para vetar el aplazamiento para el canje de placas. El presidente de la Comisi\u00f3n de Seguridad P\u00fablica, [&hellip;]<\/p>\n","protected":false},"author":2,"featured_media":39914,"comment_status":"open","ping_status":"open","sticky":false,"template":"","format":"standard","meta":[],"categories":[59],"tags":[],"_links":{"self":[{"href":"http:\/\/noticiastelered.com\/PortalDNoticias\/wp-json\/wp\/v2\/posts\/39912"}],"collection":[{"href":"http:\/\/noticiastelered.com\/PortalDNoticias\/wp-json\/wp\/v2\/posts"}],"about":[{"href":"http:\/\/noticiastelered.com\/PortalDNoticias\/wp-json\/wp\/v2\/types\/post"}],"author":[{"embeddable":true,"href":"http:\/\/noticiastelered.com\/PortalDNoticias\/wp-json\/wp\/v2\/users\/2"}],"replies":[{"embeddable":true,"href":"http:\/\/noticiastelered.com\/PortalDNoticias\/wp-json\/wp\/v2\/comments?post=39912"}],"version-history":[{"count":1,"href":"http:\/\/noticiastelered.com\/PortalDNoticias\/wp-json\/wp\/v2\/posts\/39912\/revisions"}],"predecessor-version":[{"id":39915,"href":"http:\/\/noticiastelered.com\/PortalDNoticias\/wp-json\/wp\/v2\/posts\/39912\/revisions\/39915"}],"wp:featuredmedia":[{"embeddable":true,"href":"http:\/\/noticiastelered.com\/PortalDNoticias\/wp-json\/wp\/v2\/media\/39914"}],"wp:attachment":[{"href":"http:\/\/noticiastelered.com\/PortalDNoticias\/wp-json\/wp\/v2\/media?parent=39912"}],"wp:term":[{"taxonomy":"category","embeddable":true,"href":"http:\/\/noticiastelered.com\/PortalDNoticias\/wp-json\/wp\/v2\/categories?post=39912"},{"taxonomy":"post_tag","embeddable":true,"href":"http:\/\/noticiastelered.com\/PortalDNoticias\/wp-json\/wp\/v2\/tags?post=39912"}],"curies":[{"name":"wp","href":"https:\/\/api.w.org\/{rel}","templated":true}]}}