{"id":39729,"date":"2022-01-18T00:08:16","date_gmt":"2022-01-18T00:08:16","guid":{"rendered":"http:\/\/noticiastelered.com\/PortalDNoticias\/?p=39729"},"modified":"2022-01-18T00:08:20","modified_gmt":"2022-01-18T00:08:20","slug":"proteja-a-su-nino-manana-inicia-registro-de-vacunacion-de-primera-dosis-contra-covid","status":"publish","type":"post","link":"http:\/\/noticiastelered.com\/PortalDNoticias\/proteja-a-su-nino-manana-inicia-registro-de-vacunacion-de-primera-dosis-contra-covid\/","title":{"rendered":"\u00a1Proteja a su ni\u00f1o! Ma\u00f1ana inicia registro de vacunaci\u00f3n de primera dosis contra covid"},"content":{"rendered":"\n<p>ABRE GOBIERNO MUNICIPAL REGISTRO PARA VACUNACI\u00d3N DE PRIMERA DOSIS CONTRA COVID 19 A MENORES DE 5 A 11 A\u00d1OS<\/p>\n\n\n\n<p>El Gobierno Municipal lanz\u00f3 una nueva convocatoria para padres de familia que deseen vacunar a sus hijos menores de 5 a 11 a\u00f1os y reciban la primera dosis contra el Covid-19 con el objetivo proteger la salud de los neolaredenses. <\/p>\n\n\n\n<p>La alcaldesa Carmen Lilia Canturosas Villarreal dio a conocer que gestion\u00f3 8 mil vacunas con autoridades de salud de Laredo, Texas es por eso que se abri\u00f3 un nuevo registro el cual inicia este martes 18 de enero.<\/p>\n\n\n\n<p>\u201cSiempre preocupados por el bienestar de nuestras familias, vamos a estar buscando y generando las condiciones para darle a los ciudadanos una mejor calidad de vida y lo estamos logrando con esta vacunaci\u00f3n binacional\u201d, dijo Canturosas Villarreal.<\/p>\n\n\n\n<p>El registro ser\u00e1 a partir de las 8:00 de la ma\u00f1ana en la sala Sergio Pe\u00f1a ubicada en C\u00e9sar L\u00f3pez de Lara entre H\u00e9roe de Nacataz y Arteaga, ser\u00e1n destinadas 1,500 fichas diarias. Con la intenci\u00f3n de evitar aglomeraciones el m\u00e9todo de registro cambi\u00f3, por lo que ahora ser\u00e1 mediante la primera letra del apellido paterno del ni\u00f1o o ni\u00f1a.<\/p>\n\n\n\n<p>Este martes 18 de enero los padres de familia deber\u00e1n registrar a los menores que tengan por inicial de apellido A, B, C, D, E, F; mi\u00e9rcoles 19 de enero G, H, I, J, K, L, LL; jueves 20 de enero M, N, \u00d1, O, P y Q; viernes 21 R, S, T, U, V, W, X, Y, Z.<\/p>\n\n\n\n<p>Los requisitos son copia de INE del padre, madre o tutor, acta de nacimiento y\/o CURP del menor, adem\u00e1s de acudir solamente el d\u00eda que sea indicado de acuerdo al apellido, asistir un solo integrante por familia y no llevar ni\u00f1os.<\/p>\n","protected":false},"excerpt":{"rendered":"<p>ABRE GOBIERNO MUNICIPAL REGISTRO PARA VACUNACI\u00d3N DE PRIMERA DOSIS CONTRA COVID 19 A MENORES DE 5 A 11 A\u00d1OS El Gobierno Municipal lanz\u00f3 una nueva convocatoria para padres de familia que deseen vacunar a sus hijos menores de 5 a [&hellip;]<\/p>\n","protected":false},"author":2,"featured_media":39731,"comment_status":"open","ping_status":"open","sticky":false,"template":"","format":"standard","meta":[],"categories":[63],"tags":[],"_links":{"self":[{"href":"http:\/\/noticiastelered.com\/PortalDNoticias\/wp-json\/wp\/v2\/posts\/39729"}],"collection":[{"href":"http:\/\/noticiastelered.com\/PortalDNoticias\/wp-json\/wp\/v2\/posts"}],"about":[{"href":"http:\/\/noticiastelered.com\/PortalDNoticias\/wp-json\/wp\/v2\/types\/post"}],"author":[{"embeddable":true,"href":"http:\/\/noticiastelered.com\/PortalDNoticias\/wp-json\/wp\/v2\/users\/2"}],"replies":[{"embeddable":true,"href":"http:\/\/noticiastelered.com\/PortalDNoticias\/wp-json\/wp\/v2\/comments?post=39729"}],"version-history":[{"count":2,"href":"http:\/\/noticiastelered.com\/PortalDNoticias\/wp-json\/wp\/v2\/posts\/39729\/revisions"}],"predecessor-version":[{"id":39733,"href":"http:\/\/noticiastelered.com\/PortalDNoticias\/wp-json\/wp\/v2\/posts\/39729\/revisions\/39733"}],"wp:featuredmedia":[{"embeddable":true,"href":"http:\/\/noticiastelered.com\/PortalDNoticias\/wp-json\/wp\/v2\/media\/39731"}],"wp:attachment":[{"href":"http:\/\/noticiastelered.com\/PortalDNoticias\/wp-json\/wp\/v2\/media?parent=39729"}],"wp:term":[{"taxonomy":"category","embeddable":true,"href":"http:\/\/noticiastelered.com\/PortalDNoticias\/wp-json\/wp\/v2\/categories?post=39729"},{"taxonomy":"post_tag","embeddable":true,"href":"http:\/\/noticiastelered.com\/PortalDNoticias\/wp-json\/wp\/v2\/tags?post=39729"}],"curies":[{"name":"wp","href":"https:\/\/api.w.org\/{rel}","templated":true}]}}