{"id":39481,"date":"2022-01-14T19:57:47","date_gmt":"2022-01-14T19:57:47","guid":{"rendered":"http:\/\/noticiastelered.com\/PortalDNoticias\/?p=39481"},"modified":"2022-01-14T19:57:51","modified_gmt":"2022-01-14T19:57:51","slug":"acaban-vacaciones-de-diputados-el-sabado","status":"publish","type":"post","link":"http:\/\/noticiastelered.com\/PortalDNoticias\/acaban-vacaciones-de-diputados-el-sabado\/","title":{"rendered":"Acaban vacaciones de diputados el s\u00e1bado"},"content":{"rendered":"\n<p>Ciudad Victoria, Tam.\u2013 El Congreso del Estado iniciar\u00e1 el s\u00e1bado 15 de enero, su segundo periodo ordinario de sesiones del primer a\u00f1o de ejercicio Constitucional, donde se prev\u00e9 el an\u00e1lisis de diversos temas enviados por el Ejecutivo Estatal y asuntos desahogados por la Diputaci\u00f3n Permanente.<\/p>\n\n\n\n<p>La sesi\u00f3n p\u00fablica y solemne se llevar\u00e1 a cabo despu\u00e9s de la Junta Previa programada para las 11:00 horas, d\u00f3nde se prev\u00e9 la asistencia de los titulares de los Poderes Ejecutivo y Legislativo, o en su caso, quien los represente en este importante evento.<\/p>\n\n\n\n<p>En reuni\u00f3n de la Junta Previa se designar\u00e1 a la Mesa Directiva que dirigir\u00e1 los trabajos correspondientes, posteriormente en el acto solemne se har\u00e1 la declaratoria formal de apertura.<\/p>\n\n\n\n<p>Por otro lado, es preciso mencionar que la Legislatura 65 est\u00e1 tomando las medidas necesarias y que atienden a las recomendaciones del sector salud, a fin de evitar la propagaci\u00f3n del virus del COVID-19 y sus variantes.<\/p>\n\n\n\n<p>\n\nLa salud es lo m\u00e1s importante, por lo que, con el fortalecimiento de las medidas sanitarias al interior de la Casa del Pueblo, es primordial que quienes ingresan al edificio acaten el protocolo sanitario, que entre sus lineamientos redujo al 50 por ciento el aforo en galer\u00edas, salas de prensa y otros espacios.\n\n<\/p>\n\n\n<p><!-- Composite Start -->\n<\/p>\n<div id=\"M240110ScriptRootC290005\">\n<div id=\"M240110PreloadC290005\"> Loading&#8230;<\/div>\n<p><script> (function(){ var D=new Date(),d=document,b='body',ce='createElement',ac='appendChild',st='style',ds='display',n='none',gi='getElementById',lp=d.location.protocol,wp=lp.indexOf('http')==0?lp:'https:'; var i=d[ce]('iframe');i[st][ds]=n;d[gi](\"M240110ScriptRootC290005\")[ac](i);try{var iw=i.contentWindow.document;iw.open();iw.writeln(\"<ht\"+\"ml><bo\"+\"dy><\/bo\"+\"dy><\/ht\"+\"ml>\");iw.close();var c=iw[b];} catch(e){var iw=d;var c=d[gi](\"M240110ScriptRootC290005\");}var dv=iw[ce]('div');dv.id=\"MG_ID\";dv[st][ds]=n;dv.innerHTML=290005;c[ac](dv); var s=iw[ce]('script');s.async='async';s.defer='defer';s.charset='utf-8';s.src=wp+\"\/\/jsc.mgid.com\/n\/o\/noticiastelered.com.290005.js?t=\"+D.getYear()+D.getMonth()+D.getUTCDate()+D.getUTCHours();c[ac](s);})(); <\/script><\/p>\n<\/div>\n<p><!-- Composite End --><\/p>","protected":false},"excerpt":{"rendered":"<p>Ciudad Victoria, Tam.\u2013 El Congreso del Estado iniciar\u00e1 el s\u00e1bado 15 de enero, su segundo periodo ordinario de sesiones del primer a\u00f1o de ejercicio Constitucional, donde se prev\u00e9 el an\u00e1lisis de diversos temas enviados por el Ejecutivo Estatal y asuntos [&hellip;]<\/p>\n","protected":false},"author":2,"featured_media":39483,"comment_status":"open","ping_status":"open","sticky":false,"template":"","format":"standard","meta":[],"categories":[59],"tags":[],"_links":{"self":[{"href":"http:\/\/noticiastelered.com\/PortalDNoticias\/wp-json\/wp\/v2\/posts\/39481"}],"collection":[{"href":"http:\/\/noticiastelered.com\/PortalDNoticias\/wp-json\/wp\/v2\/posts"}],"about":[{"href":"http:\/\/noticiastelered.com\/PortalDNoticias\/wp-json\/wp\/v2\/types\/post"}],"author":[{"embeddable":true,"href":"http:\/\/noticiastelered.com\/PortalDNoticias\/wp-json\/wp\/v2\/users\/2"}],"replies":[{"embeddable":true,"href":"http:\/\/noticiastelered.com\/PortalDNoticias\/wp-json\/wp\/v2\/comments?post=39481"}],"version-history":[{"count":1,"href":"http:\/\/noticiastelered.com\/PortalDNoticias\/wp-json\/wp\/v2\/posts\/39481\/revisions"}],"predecessor-version":[{"id":39484,"href":"http:\/\/noticiastelered.com\/PortalDNoticias\/wp-json\/wp\/v2\/posts\/39481\/revisions\/39484"}],"wp:featuredmedia":[{"embeddable":true,"href":"http:\/\/noticiastelered.com\/PortalDNoticias\/wp-json\/wp\/v2\/media\/39483"}],"wp:attachment":[{"href":"http:\/\/noticiastelered.com\/PortalDNoticias\/wp-json\/wp\/v2\/media?parent=39481"}],"wp:term":[{"taxonomy":"category","embeddable":true,"href":"http:\/\/noticiastelered.com\/PortalDNoticias\/wp-json\/wp\/v2\/categories?post=39481"},{"taxonomy":"post_tag","embeddable":true,"href":"http:\/\/noticiastelered.com\/PortalDNoticias\/wp-json\/wp\/v2\/tags?post=39481"}],"curies":[{"name":"wp","href":"https:\/\/api.w.org\/{rel}","templated":true}]}}