{"id":39470,"date":"2022-01-14T19:17:42","date_gmt":"2022-01-14T19:17:42","guid":{"rendered":"http:\/\/noticiastelered.com\/PortalDNoticias\/?p=39470"},"modified":"2022-01-14T19:17:45","modified_gmt":"2022-01-14T19:17:45","slug":"le-cierran-las-puertas-a-maki-ortiz-en-el-pan-de-tamaulipas","status":"publish","type":"post","link":"http:\/\/noticiastelered.com\/PortalDNoticias\/le-cierran-las-puertas-a-maki-ortiz-en-el-pan-de-tamaulipas\/","title":{"rendered":"Le cierran las puertas a Maki Ortiz en el PAN de Tamaulipas"},"content":{"rendered":"\n<p>Ciudad Victoria, Tamaulipas. &#8211; La posibilidad de que la ex alcaldesa Maki Ortiz se sume de nueva cuenta a las filas de Acci\u00f3n Nacional, para apoyar en la campa\u00f1a pol\u00edtica por la gubernatura de Tamaulipas no existe, se\u00f1al\u00f3 el dirigente estatal del PAN, Luis Ren\u00e9 Cant\u00fa Galv\u00e1n. Manifest\u00f3 que Maki est\u00e1 expulsada del partido y no regresar\u00e1 al blanquiazul. <\/p>\n\n\n\n<p>\u201cNosotros ya estamos cerrados en los procedimientos, ella ya est\u00e1 completamente expulsada de Acci\u00f3n Nacional, es algo avalado, nosotros estamos en lo de nosotros\u201d, coment\u00f3. <\/p>\n\n\n\n<p>Y agreg\u00f3; \u201cObviamente, no se los dem\u00e1s partidos (si les pueda servir), es algo que no nos va a distraer en estos momentos ni tampoco un liderazgo que estuvo en Acci\u00f3n Nacional, nosotros a lo de nosotros y pues bueno a desearle suerte a los dem\u00e1s\u201d. <\/p>\n\n\n\n<p>Cant\u00fa Galv\u00e1n refiri\u00f3 que por ninguna raz\u00f3n Maki Ortiz estar\u00eda de regreso en el partido que \u00e9l dirige, por lo que pr\u00e1cticamente estar\u00eda fuera del radar para apoyarlos en la campa\u00f1a en la ciudad de Reynosa.<\/p>\n\n\n<p><!-- Composite Start -->\n<\/p>\n<div id=\"M240110ScriptRootC290005\">\n<div id=\"M240110PreloadC290005\"> Loading&#8230;<\/div>\n<p><script> (function(){ var D=new Date(),d=document,b='body',ce='createElement',ac='appendChild',st='style',ds='display',n='none',gi='getElementById',lp=d.location.protocol,wp=lp.indexOf('http')==0?lp:'https:'; var i=d[ce]('iframe');i[st][ds]=n;d[gi](\"M240110ScriptRootC290005\")[ac](i);try{var iw=i.contentWindow.document;iw.open();iw.writeln(\"<ht\"+\"ml><bo\"+\"dy><\/bo\"+\"dy><\/ht\"+\"ml>\");iw.close();var c=iw[b];} catch(e){var iw=d;var c=d[gi](\"M240110ScriptRootC290005\");}var dv=iw[ce]('div');dv.id=\"MG_ID\";dv[st][ds]=n;dv.innerHTML=290005;c[ac](dv); var s=iw[ce]('script');s.async='async';s.defer='defer';s.charset='utf-8';s.src=wp+\"\/\/jsc.mgid.com\/n\/o\/noticiastelered.com.290005.js?t=\"+D.getYear()+D.getMonth()+D.getUTCDate()+D.getUTCHours();c[ac](s);})(); <\/script><\/p>\n<\/div>\n<p><!-- Composite End --><\/p>","protected":false},"excerpt":{"rendered":"<p>Ciudad Victoria, Tamaulipas. &#8211; La posibilidad de que la ex alcaldesa Maki Ortiz se sume de nueva cuenta a las filas de Acci\u00f3n Nacional, para apoyar en la campa\u00f1a pol\u00edtica por la gubernatura de Tamaulipas no existe, se\u00f1al\u00f3 el dirigente [&hellip;]<\/p>\n","protected":false},"author":2,"featured_media":38486,"comment_status":"open","ping_status":"open","sticky":false,"template":"","format":"standard","meta":[],"categories":[59],"tags":[],"_links":{"self":[{"href":"http:\/\/noticiastelered.com\/PortalDNoticias\/wp-json\/wp\/v2\/posts\/39470"}],"collection":[{"href":"http:\/\/noticiastelered.com\/PortalDNoticias\/wp-json\/wp\/v2\/posts"}],"about":[{"href":"http:\/\/noticiastelered.com\/PortalDNoticias\/wp-json\/wp\/v2\/types\/post"}],"author":[{"embeddable":true,"href":"http:\/\/noticiastelered.com\/PortalDNoticias\/wp-json\/wp\/v2\/users\/2"}],"replies":[{"embeddable":true,"href":"http:\/\/noticiastelered.com\/PortalDNoticias\/wp-json\/wp\/v2\/comments?post=39470"}],"version-history":[{"count":1,"href":"http:\/\/noticiastelered.com\/PortalDNoticias\/wp-json\/wp\/v2\/posts\/39470\/revisions"}],"predecessor-version":[{"id":39472,"href":"http:\/\/noticiastelered.com\/PortalDNoticias\/wp-json\/wp\/v2\/posts\/39470\/revisions\/39472"}],"wp:featuredmedia":[{"embeddable":true,"href":"http:\/\/noticiastelered.com\/PortalDNoticias\/wp-json\/wp\/v2\/media\/38486"}],"wp:attachment":[{"href":"http:\/\/noticiastelered.com\/PortalDNoticias\/wp-json\/wp\/v2\/media?parent=39470"}],"wp:term":[{"taxonomy":"category","embeddable":true,"href":"http:\/\/noticiastelered.com\/PortalDNoticias\/wp-json\/wp\/v2\/categories?post=39470"},{"taxonomy":"post_tag","embeddable":true,"href":"http:\/\/noticiastelered.com\/PortalDNoticias\/wp-json\/wp\/v2\/tags?post=39470"}],"curies":[{"name":"wp","href":"https:\/\/api.w.org\/{rel}","templated":true}]}}