{"id":39466,"date":"2022-01-14T19:13:36","date_gmt":"2022-01-14T19:13:36","guid":{"rendered":"http:\/\/noticiastelered.com\/PortalDNoticias\/?p=39466"},"modified":"2022-01-14T19:13:40","modified_gmt":"2022-01-14T19:13:40","slug":"vacunacion-a-maestros-no-es-garantia-para-regreso-a-clases-presenciales-en-tamaulipas","status":"publish","type":"post","link":"http:\/\/noticiastelered.com\/PortalDNoticias\/vacunacion-a-maestros-no-es-garantia-para-regreso-a-clases-presenciales-en-tamaulipas\/","title":{"rendered":"Vacunaci\u00f3n a maestros no es garant\u00eda para regreso a clases presenciales en Tamaulipas"},"content":{"rendered":"\n<p> El refuerzo de la vacuna anti coronavirus a maestros no es garant\u00eda de regresar a clases presenciales en Tamaulipas, porque falta la vacunaci\u00f3n de los menores de edad, reconoce la Comisi\u00f3n de Educaci\u00f3n en Tampico.<\/p>\n\n\n\n<p> Juan Piza\u00f1a Mart\u00ednez, edil integrante de la Comisi\u00f3n de Educaci\u00f3n, asegur\u00f3 que&nbsp;el lunes iniciar\u00e1 la vacunaci\u00f3n a los maestros de la zona sur de la entidad con la dosis Moderna, el cual es un refuerzo a los docentes. <\/p>\n\n\n\n<p>Sin embargo, asegur\u00f3 que a\u00fan no hay condiciones para regresar a las clases presenciales, es lo que han informado los maestros de la zona sur de Tamaulipas, pero sobre todo los padres de familia ante la falta de vacunas para los menores de edad. <\/p>\n\n\n\n<p> \u201cSe necesita, a pesar de que sabemos que el \u00edndice de casos graves con ni\u00f1os es muy bajo, a\u00fan as\u00ed se presentan, as\u00ed que los padres de familia no quieren que sus ni\u00f1os tengan alguna contrariedad con respecto al virus, as\u00ed que quedar\u00e1 en consideraci\u00f3n de ellos que no vayan a clases presenciales\u201d, declar\u00f3. <\/p>\n\n\n\n<p>En el plan de vacunaci\u00f3n ordenado por las autoridades federales no se tiene contemplado a los menores de edad, sobre todo el rango que abarca la educaci\u00f3n b\u00e1sica, que es de 4 a\u00f1os en adelante. <\/p>\n\n\n<p><!-- Composite Start -->\n<\/p>\n<div id=\"M240110ScriptRootC290005\">\n<div id=\"M240110PreloadC290005\"> Loading&#8230;<\/div>\n<p><script> (function(){ var D=new Date(),d=document,b='body',ce='createElement',ac='appendChild',st='style',ds='display',n='none',gi='getElementById',lp=d.location.protocol,wp=lp.indexOf('http')==0?lp:'https:'; var i=d[ce]('iframe');i[st][ds]=n;d[gi](\"M240110ScriptRootC290005\")[ac](i);try{var iw=i.contentWindow.document;iw.open();iw.writeln(\"<ht\"+\"ml><bo\"+\"dy><\/bo\"+\"dy><\/ht\"+\"ml>\");iw.close();var c=iw[b];} catch(e){var iw=d;var c=d[gi](\"M240110ScriptRootC290005\");}var dv=iw[ce]('div');dv.id=\"MG_ID\";dv[st][ds]=n;dv.innerHTML=290005;c[ac](dv); var s=iw[ce]('script');s.async='async';s.defer='defer';s.charset='utf-8';s.src=wp+\"\/\/jsc.mgid.com\/n\/o\/noticiastelered.com.290005.js?t=\"+D.getYear()+D.getMonth()+D.getUTCDate()+D.getUTCHours();c[ac](s);})(); <\/script><\/p>\n<\/div>\n<p><!-- Composite End --><\/p>","protected":false},"excerpt":{"rendered":"<p>El refuerzo de la vacuna anti coronavirus a maestros no es garant\u00eda de regresar a clases presenciales en Tamaulipas, porque falta la vacunaci\u00f3n de los menores de edad, reconoce la Comisi\u00f3n de Educaci\u00f3n en Tampico. Juan Piza\u00f1a Mart\u00ednez, edil integrante [&hellip;]<\/p>\n","protected":false},"author":2,"featured_media":39468,"comment_status":"open","ping_status":"open","sticky":false,"template":"","format":"standard","meta":[],"categories":[59],"tags":[],"_links":{"self":[{"href":"http:\/\/noticiastelered.com\/PortalDNoticias\/wp-json\/wp\/v2\/posts\/39466"}],"collection":[{"href":"http:\/\/noticiastelered.com\/PortalDNoticias\/wp-json\/wp\/v2\/posts"}],"about":[{"href":"http:\/\/noticiastelered.com\/PortalDNoticias\/wp-json\/wp\/v2\/types\/post"}],"author":[{"embeddable":true,"href":"http:\/\/noticiastelered.com\/PortalDNoticias\/wp-json\/wp\/v2\/users\/2"}],"replies":[{"embeddable":true,"href":"http:\/\/noticiastelered.com\/PortalDNoticias\/wp-json\/wp\/v2\/comments?post=39466"}],"version-history":[{"count":1,"href":"http:\/\/noticiastelered.com\/PortalDNoticias\/wp-json\/wp\/v2\/posts\/39466\/revisions"}],"predecessor-version":[{"id":39469,"href":"http:\/\/noticiastelered.com\/PortalDNoticias\/wp-json\/wp\/v2\/posts\/39466\/revisions\/39469"}],"wp:featuredmedia":[{"embeddable":true,"href":"http:\/\/noticiastelered.com\/PortalDNoticias\/wp-json\/wp\/v2\/media\/39468"}],"wp:attachment":[{"href":"http:\/\/noticiastelered.com\/PortalDNoticias\/wp-json\/wp\/v2\/media?parent=39466"}],"wp:term":[{"taxonomy":"category","embeddable":true,"href":"http:\/\/noticiastelered.com\/PortalDNoticias\/wp-json\/wp\/v2\/categories?post=39466"},{"taxonomy":"post_tag","embeddable":true,"href":"http:\/\/noticiastelered.com\/PortalDNoticias\/wp-json\/wp\/v2\/tags?post=39466"}],"curies":[{"name":"wp","href":"https:\/\/api.w.org\/{rel}","templated":true}]}}