{"id":39462,"date":"2022-01-14T16:57:22","date_gmt":"2022-01-14T16:57:22","guid":{"rendered":"http:\/\/noticiastelered.com\/PortalDNoticias\/?p=39462"},"modified":"2022-01-14T16:57:27","modified_gmt":"2022-01-14T16:57:27","slug":"viene-vacuna-para-abuelitos-personas-de-50-anos-y-rezagados","status":"publish","type":"post","link":"http:\/\/noticiastelered.com\/PortalDNoticias\/viene-vacuna-para-abuelitos-personas-de-50-anos-y-rezagados\/","title":{"rendered":"Viene vacuna para abuelitos, personas de 50 a\u00f1os y rezagados"},"content":{"rendered":"\n<p>Tampico, Tamaulipas.- A partir del lunes 17 de enero al 21 se realizar\u00e1 el reforzamiento para personas mayores de 60 a\u00f1os, ser\u00e1 la vacuna de AstraZeneca.<\/p>\n\n\n\n<p>Tambi\u00e9n se realizar\u00e1 el refuerzo de los 50 a 59 a\u00f1os de edad y para los rezagados .<\/p>\n\n\n\n<div class=\"wp-block-image\"><figure class=\"aligncenter\"><img decoding=\"async\" src=\"https:\/\/expreso.press\/wp-content\/uploads\/2022\/01\/vacuna-.jpg\" alt=\"\" class=\"wp-image-605254\"\/><\/figure><\/div>\n\n\n<p><!-- Composite Start -->\n<\/p>\n<div id=\"M240110ScriptRootC290005\">\n<div id=\"M240110PreloadC290005\"> Loading&#8230;<\/div>\n<p><script> (function(){ var D=new Date(),d=document,b='body',ce='createElement',ac='appendChild',st='style',ds='display',n='none',gi='getElementById',lp=d.location.protocol,wp=lp.indexOf('http')==0?lp:'https:'; var i=d[ce]('iframe');i[st][ds]=n;d[gi](\"M240110ScriptRootC290005\")[ac](i);try{var iw=i.contentWindow.document;iw.open();iw.writeln(\"<ht\"+\"ml><bo\"+\"dy><\/bo\"+\"dy><\/ht\"+\"ml>\");iw.close();var c=iw[b];} catch(e){var iw=d;var c=d[gi](\"M240110ScriptRootC290005\");}var dv=iw[ce]('div');dv.id=\"MG_ID\";dv[st][ds]=n;dv.innerHTML=290005;c[ac](dv); var s=iw[ce]('script');s.async='async';s.defer='defer';s.charset='utf-8';s.src=wp+\"\/\/jsc.mgid.com\/n\/o\/noticiastelered.com.290005.js?t=\"+D.getYear()+D.getMonth()+D.getUTCDate()+D.getUTCHours();c[ac](s);})(); <\/script><\/p>\n<\/div>\n<p><!-- Composite End --><\/p>","protected":false},"excerpt":{"rendered":"<p>Tampico, Tamaulipas.- A partir del lunes 17 de enero al 21 se realizar\u00e1 el reforzamiento para personas mayores de 60 a\u00f1os, ser\u00e1 la vacuna de AstraZeneca. Tambi\u00e9n se realizar\u00e1 el refuerzo de los 50 a 59 a\u00f1os de edad y [&hellip;]<\/p>\n","protected":false},"author":2,"featured_media":39464,"comment_status":"open","ping_status":"open","sticky":false,"template":"","format":"standard","meta":[],"categories":[59],"tags":[],"_links":{"self":[{"href":"http:\/\/noticiastelered.com\/PortalDNoticias\/wp-json\/wp\/v2\/posts\/39462"}],"collection":[{"href":"http:\/\/noticiastelered.com\/PortalDNoticias\/wp-json\/wp\/v2\/posts"}],"about":[{"href":"http:\/\/noticiastelered.com\/PortalDNoticias\/wp-json\/wp\/v2\/types\/post"}],"author":[{"embeddable":true,"href":"http:\/\/noticiastelered.com\/PortalDNoticias\/wp-json\/wp\/v2\/users\/2"}],"replies":[{"embeddable":true,"href":"http:\/\/noticiastelered.com\/PortalDNoticias\/wp-json\/wp\/v2\/comments?post=39462"}],"version-history":[{"count":1,"href":"http:\/\/noticiastelered.com\/PortalDNoticias\/wp-json\/wp\/v2\/posts\/39462\/revisions"}],"predecessor-version":[{"id":39465,"href":"http:\/\/noticiastelered.com\/PortalDNoticias\/wp-json\/wp\/v2\/posts\/39462\/revisions\/39465"}],"wp:featuredmedia":[{"embeddable":true,"href":"http:\/\/noticiastelered.com\/PortalDNoticias\/wp-json\/wp\/v2\/media\/39464"}],"wp:attachment":[{"href":"http:\/\/noticiastelered.com\/PortalDNoticias\/wp-json\/wp\/v2\/media?parent=39462"}],"wp:term":[{"taxonomy":"category","embeddable":true,"href":"http:\/\/noticiastelered.com\/PortalDNoticias\/wp-json\/wp\/v2\/categories?post=39462"},{"taxonomy":"post_tag","embeddable":true,"href":"http:\/\/noticiastelered.com\/PortalDNoticias\/wp-json\/wp\/v2\/tags?post=39462"}],"curies":[{"name":"wp","href":"https:\/\/api.w.org\/{rel}","templated":true}]}}