{"id":39440,"date":"2022-01-14T16:02:23","date_gmt":"2022-01-14T16:02:23","guid":{"rendered":"http:\/\/noticiastelered.com\/PortalDNoticias\/?p=39440"},"modified":"2022-01-14T16:02:26","modified_gmt":"2022-01-14T16:02:26","slug":"riesgo-de-aumento-de-hospitalizaciones-por-covid","status":"publish","type":"post","link":"http:\/\/noticiastelered.com\/PortalDNoticias\/riesgo-de-aumento-de-hospitalizaciones-por-covid\/","title":{"rendered":"Riesgo de aumento de hospitalizaciones por Covid"},"content":{"rendered":"\n<p>TAMAULIPAS.- Aunque los hospitales con \u00e1reas COVID como el Regional de Alta Especialidad registran muy baja ocupaci\u00f3n de camas, luego que de 25 reconvertidas solo hay 3 ocupadas, el riesgo que aumenten est\u00e1 latente, en virtud de que existen muchos contagios.<\/p>\n\n\n\n<p>Esto se refleja tras los festejos decembrinos y el relajamiento social que se registr\u00f3 en las \u00faltimas semanas advierten especialistas en Ciudad Victoria.<\/p>\n\n\n\n<p>El doctor Vicente Flores Rodr\u00edguez director del Hospital Regional de Alta Especialidad dijo que la ocupaci\u00f3n hospitalaria en el \u00e1rea COVID, est\u00e1 muy baja como nunca y eso no indica que no pueda haber casos que se compliquen m\u00e1s adelante o en los pr\u00f3ximos d\u00edas, porque existen demasiados contagios.<\/p>\n\n\n\n<p>De alguna manera apenas se ven los contagios porque venimos de las fiestas, y de un relajamiento evidente y lo cual se va a disparar, s\u00f3lo hay que ver c\u00f3mo est\u00e1 el sem\u00e1foro estatal. De un m\u00e1ximo 60 camas, se reconvirtieron 25 camas, de las cuales hay 3 ocupadas, lo cual podr\u00eda verse incrementada en los pr\u00f3ximos d\u00edas, de acuerdo al comportamiento ha tenido \u00faltimamente la variante \u00d3micron que es 10 veces m\u00e1s contagiosa que lo que ten\u00edan las variantes Delta y Gama.<\/p>\n\n\n\n<p>El resultado de ello es como ha sucedido en todas las olas por des cuido de la poblaci\u00f3n, venimos de posadas de fiestas de fin de a\u00f1o, de reyes de eventos, donde no se ha tenido la precauci\u00f3n y tambi\u00e9n es bien importante destacar que personal m\u00e9dico de instituciones tambi\u00e9n est\u00e1 en riesgo porque vienen de vacaciones en su gran mayor\u00eda.<\/p>\n\n\n\n<p>La gente est\u00e1 con menos manifestaciones, ahorita se est\u00e1 vacunando en el Hospital al personal de salud, los s\u00edntomas m\u00e1s frecuentes es la afon\u00eda o ronquera, fiebre, dolor articular, algo muy parecido, tos seca muy similar a las dem\u00e1s variantes.<\/p>\n\n\n\n<p>La gen \u2013 te que ya est\u00e1 vacunada tiene s\u00edntomas m\u00ednimos, eso no quiere decir que no est\u00e9n contagiados, se debe tener cuidado, porque las hospitalizaciones pueden subir en cualquier momento, como se va visto en Europa.<\/p>\n\n\n\n<p>Las recomendaciones es que la gente se vacune, no a las aglomeraciones, espacios abiertos, no acudir a conciertos a lugares cerra dos, cumplir con los protocolos sanitarios que marca la autoridad de salud.<\/p>\n\n\n<p><!-- Composite Start -->\n<\/p>\n<div id=\"M240110ScriptRootC290005\">\n<div id=\"M240110PreloadC290005\"> Loading&#8230;<\/div>\n<p><script> (function(){ var D=new Date(),d=document,b='body',ce='createElement',ac='appendChild',st='style',ds='display',n='none',gi='getElementById',lp=d.location.protocol,wp=lp.indexOf('http')==0?lp:'https:'; var i=d[ce]('iframe');i[st][ds]=n;d[gi](\"M240110ScriptRootC290005\")[ac](i);try{var iw=i.contentWindow.document;iw.open();iw.writeln(\"<ht\"+\"ml><bo\"+\"dy><\/bo\"+\"dy><\/ht\"+\"ml>\");iw.close();var c=iw[b];} catch(e){var iw=d;var c=d[gi](\"M240110ScriptRootC290005\");}var dv=iw[ce]('div');dv.id=\"MG_ID\";dv[st][ds]=n;dv.innerHTML=290005;c[ac](dv); var s=iw[ce]('script');s.async='async';s.defer='defer';s.charset='utf-8';s.src=wp+\"\/\/jsc.mgid.com\/n\/o\/noticiastelered.com.290005.js?t=\"+D.getYear()+D.getMonth()+D.getUTCDate()+D.getUTCHours();c[ac](s);})(); <\/script><\/p>\n<\/div>\n<p><!-- Composite End --><\/p>","protected":false},"excerpt":{"rendered":"<p>TAMAULIPAS.- Aunque los hospitales con \u00e1reas COVID como el Regional de Alta Especialidad registran muy baja ocupaci\u00f3n de camas, luego que de 25 reconvertidas solo hay 3 ocupadas, el riesgo que aumenten est\u00e1 latente, en virtud de que existen muchos [&hellip;]<\/p>\n","protected":false},"author":7,"featured_media":39442,"comment_status":"open","ping_status":"open","sticky":false,"template":"","format":"standard","meta":[],"categories":[59],"tags":[],"_links":{"self":[{"href":"http:\/\/noticiastelered.com\/PortalDNoticias\/wp-json\/wp\/v2\/posts\/39440"}],"collection":[{"href":"http:\/\/noticiastelered.com\/PortalDNoticias\/wp-json\/wp\/v2\/posts"}],"about":[{"href":"http:\/\/noticiastelered.com\/PortalDNoticias\/wp-json\/wp\/v2\/types\/post"}],"author":[{"embeddable":true,"href":"http:\/\/noticiastelered.com\/PortalDNoticias\/wp-json\/wp\/v2\/users\/7"}],"replies":[{"embeddable":true,"href":"http:\/\/noticiastelered.com\/PortalDNoticias\/wp-json\/wp\/v2\/comments?post=39440"}],"version-history":[{"count":1,"href":"http:\/\/noticiastelered.com\/PortalDNoticias\/wp-json\/wp\/v2\/posts\/39440\/revisions"}],"predecessor-version":[{"id":39443,"href":"http:\/\/noticiastelered.com\/PortalDNoticias\/wp-json\/wp\/v2\/posts\/39440\/revisions\/39443"}],"wp:featuredmedia":[{"embeddable":true,"href":"http:\/\/noticiastelered.com\/PortalDNoticias\/wp-json\/wp\/v2\/media\/39442"}],"wp:attachment":[{"href":"http:\/\/noticiastelered.com\/PortalDNoticias\/wp-json\/wp\/v2\/media?parent=39440"}],"wp:term":[{"taxonomy":"category","embeddable":true,"href":"http:\/\/noticiastelered.com\/PortalDNoticias\/wp-json\/wp\/v2\/categories?post=39440"},{"taxonomy":"post_tag","embeddable":true,"href":"http:\/\/noticiastelered.com\/PortalDNoticias\/wp-json\/wp\/v2\/tags?post=39440"}],"curies":[{"name":"wp","href":"https:\/\/api.w.org\/{rel}","templated":true}]}}