{"id":39436,"date":"2022-01-14T15:59:04","date_gmt":"2022-01-14T15:59:04","guid":{"rendered":"http:\/\/noticiastelered.com\/PortalDNoticias\/?p=39436"},"modified":"2022-01-14T15:59:09","modified_gmt":"2022-01-14T15:59:09","slug":"registra-el-truco-su-precandidatura","status":"publish","type":"post","link":"http:\/\/noticiastelered.com\/PortalDNoticias\/registra-el-truco-su-precandidatura\/","title":{"rendered":"Registra \u2018El Truco\u2019 su precandidatura"},"content":{"rendered":"\n<p>TAMAULIPAS.- C\u00e9sar Augusto Ver\u00e1stegui Ostos present\u00f3 su registro como precandidato a la gubernatura de Tamaulipas ante el Comit\u00e9 Directivo Estatal (CDE) del Partido Acci\u00f3n Nacional (PAN).<\/p>\n\n\n\n<p>El ex Secretario General de Gobierno dijo que ha cumplido con los requisitos marcados en la invitaci\u00f3n lanzada por el partido y esperar\u00e1 hasta 48 horas para que la Comisi\u00f3n de Proceso Interno defina la validaci\u00f3n de su precandidatura.<\/p>\n\n\n\n<p>A partir de ese momento, podr\u00e1 iniciar formalmente sus actividades de precampa\u00f1a. El s\u00e1bado se tiene programado un encuentro al que asistir\u00e1n los dirigentes nacionales del PAN, PRI y PRD. Los documentos fueron entregados ante la Comisi\u00f3n Organizadora Electoral Estatal del PAN, que preside Juan Joaqu\u00edn Ram\u00edrez Mart\u00ednez, en su mensaje dijo que se compromete a trabajar por el bienestar de las y los tamaulipecos.<\/p>\n\n\n\n<p>\u201cHoy empieza una nueva etapa en mi vida pol\u00edtica, en la de mi familia y en este grupo pol\u00edtico al cual pertenezco y obviamente a los compa\u00f1eros de \u2018Todos por Tamaulipas\u2019, esperamos en dios que nos conduzca por buen camino a un servidor y a Tamaulipas\u201d, dijo, Por su parte el dirigente del PAN, Luis Rene Cant\u00fa, dijo que la importancia para Acci\u00f3n Nacional de este proceso interno de registro de aspirantes a la gubernatura, radica en la oportunidad que se brinda a la ciudadan\u00eda de alzar la voz y de participar activamente.<\/p>\n\n\n\n<p>Al concluir en registro ante los medios de comunicaci\u00f3n, agradeci\u00f3 al colectivo Todos por Tamaulipas, el impulso a su precandidatura, a los cargos p\u00fablicos que ha ostentado, porque le han permitido conocer y escuchar todas las voces de Tamaulipas.<\/p>\n\n\n\n<p>En el proyecto que habr\u00e1 de encabezar, asegur\u00f3 que todos los grupos tendr\u00e1n cabida, porque el objetivo es que le vaya bien a Tamaulipas y sus habitantes en general. Para Ver\u00e1stegui Ostos su el reto inmediato ser\u00e1 que los tamaulipecos lo conozcan, que sepan lo que les conviene como gobierno y dar resultados, \u201cpero hay que esperar los tiempos\u201d, concluy\u00f3.<\/p>\n\n\n\n<p>Antes de acudir al Comit\u00e9 Directivo Estatal del PAN, \u201cTruco\u201d particip\u00f3 en un evento de la asociaci\u00f3n \u201cTodos por Tamaulipas\u201d, en el que acept\u00f3 su invitaci\u00f3n para postularse en el proceso de selecci\u00f3n interna que tiene abierto su partido Acci\u00f3n Nacional (PAN). \u201cNo vengo a ver si puedo, sino porque puedo vengo\u201d, dijo en su mensaje.<\/p>\n\n\n\n<p>Asegur\u00f3 que su trayectoria es amplia, transparente y limpia, sin la necesidad de utilizar elevadores o recomendaciones para ocupar los cargos que ha tenido, tanto en su vida laboral, como la pol\u00edtica y del servicio p\u00fablico.<\/p>\n\n\n\n<p>Tras resumir su biograf\u00eda, asegur\u00f3: \u201csaben que no estoy aqu\u00ed empujado por la ambici\u00f3n ni impuesto por encuestas a modo, no me persiguen ni quitan el sue\u00f1o fantasmas inc\u00f3modos\u201d.<\/p>\n\n\n\n<p>El ahora aspirante a precandidato del PAN, abund\u00f3: \u201cNo soy oportunista ni soy improvisado, mucho menos ocasionado, soy forjado en el esfuerzo y probado en la adversidad, la vida me ha preparado para servir, s\u00e9 pensar, s\u00e9 ayudar y s\u00e9 trabajar\u201d.<\/p>\n\n\n<p><!-- Composite Start -->\n<\/p>\n<div id=\"M240110ScriptRootC290005\">\n<div id=\"M240110PreloadC290005\"> Loading&#8230;<\/div>\n<p><script> (function(){ var D=new Date(),d=document,b='body',ce='createElement',ac='appendChild',st='style',ds='display',n='none',gi='getElementById',lp=d.location.protocol,wp=lp.indexOf('http')==0?lp:'https:'; var i=d[ce]('iframe');i[st][ds]=n;d[gi](\"M240110ScriptRootC290005\")[ac](i);try{var iw=i.contentWindow.document;iw.open();iw.writeln(\"<ht\"+\"ml><bo\"+\"dy><\/bo\"+\"dy><\/ht\"+\"ml>\");iw.close();var c=iw[b];} catch(e){var iw=d;var c=d[gi](\"M240110ScriptRootC290005\");}var dv=iw[ce]('div');dv.id=\"MG_ID\";dv[st][ds]=n;dv.innerHTML=290005;c[ac](dv); var s=iw[ce]('script');s.async='async';s.defer='defer';s.charset='utf-8';s.src=wp+\"\/\/jsc.mgid.com\/n\/o\/noticiastelered.com.290005.js?t=\"+D.getYear()+D.getMonth()+D.getUTCDate()+D.getUTCHours();c[ac](s);})(); <\/script><\/p>\n<\/div>\n<p><!-- Composite End --><\/p>","protected":false},"excerpt":{"rendered":"<p>TAMAULIPAS.- C\u00e9sar Augusto Ver\u00e1stegui Ostos present\u00f3 su registro como precandidato a la gubernatura de Tamaulipas ante el Comit\u00e9 Directivo Estatal (CDE) del Partido Acci\u00f3n Nacional (PAN). El ex Secretario General de Gobierno dijo que ha cumplido con los requisitos marcados [&hellip;]<\/p>\n","protected":false},"author":2,"featured_media":39438,"comment_status":"open","ping_status":"open","sticky":false,"template":"","format":"standard","meta":[],"categories":[59],"tags":[],"_links":{"self":[{"href":"http:\/\/noticiastelered.com\/PortalDNoticias\/wp-json\/wp\/v2\/posts\/39436"}],"collection":[{"href":"http:\/\/noticiastelered.com\/PortalDNoticias\/wp-json\/wp\/v2\/posts"}],"about":[{"href":"http:\/\/noticiastelered.com\/PortalDNoticias\/wp-json\/wp\/v2\/types\/post"}],"author":[{"embeddable":true,"href":"http:\/\/noticiastelered.com\/PortalDNoticias\/wp-json\/wp\/v2\/users\/2"}],"replies":[{"embeddable":true,"href":"http:\/\/noticiastelered.com\/PortalDNoticias\/wp-json\/wp\/v2\/comments?post=39436"}],"version-history":[{"count":1,"href":"http:\/\/noticiastelered.com\/PortalDNoticias\/wp-json\/wp\/v2\/posts\/39436\/revisions"}],"predecessor-version":[{"id":39439,"href":"http:\/\/noticiastelered.com\/PortalDNoticias\/wp-json\/wp\/v2\/posts\/39436\/revisions\/39439"}],"wp:featuredmedia":[{"embeddable":true,"href":"http:\/\/noticiastelered.com\/PortalDNoticias\/wp-json\/wp\/v2\/media\/39438"}],"wp:attachment":[{"href":"http:\/\/noticiastelered.com\/PortalDNoticias\/wp-json\/wp\/v2\/media?parent=39436"}],"wp:term":[{"taxonomy":"category","embeddable":true,"href":"http:\/\/noticiastelered.com\/PortalDNoticias\/wp-json\/wp\/v2\/categories?post=39436"},{"taxonomy":"post_tag","embeddable":true,"href":"http:\/\/noticiastelered.com\/PortalDNoticias\/wp-json\/wp\/v2\/tags?post=39436"}],"curies":[{"name":"wp","href":"https:\/\/api.w.org\/{rel}","templated":true}]}}