{"id":39379,"date":"2022-01-13T16:36:36","date_gmt":"2022-01-13T16:36:36","guid":{"rendered":"http:\/\/noticiastelered.com\/PortalDNoticias\/?p=39379"},"modified":"2022-01-13T16:36:39","modified_gmt":"2022-01-13T16:36:39","slug":"nacidos-despues-de-mayo-seran-convocados-como-funcionarios-de-revocacion-de-mandato","status":"publish","type":"post","link":"http:\/\/noticiastelered.com\/PortalDNoticias\/nacidos-despues-de-mayo-seran-convocados-como-funcionarios-de-revocacion-de-mandato\/","title":{"rendered":"Nacidos despu\u00e9s de mayo ser\u00e1n convocados como funcionarios de Revocaci\u00f3n de Mandato"},"content":{"rendered":"\n<p>M\u00c9XICO.- El Consejo General del Instituto Nacional Electoral (INE), defini\u00f3, a trav\u00e9s de un sorteo, que sean las personas que cumplen a\u00f1os en el mes de mayo, quienes sean convocadas a participar como funcionarios de casilla durante la eventual consulta de revocaci\u00f3n de mandato.<\/p>\n\n\n\n<p>Durante la sesi\u00f3n extraordinaria de este mi\u00e9rcoles, se realiz\u00f3 el sorteo en el que se excluyeron los meses sorteados para los comicios federales de 2021 y los locales de este 2022.<\/p>\n\n\n\n<p>Frente a los integrantes del Consejo General, se realiz\u00f3 el sorteo con el que se defini\u00f3 que los ciudadanos nacidos en el mes de mayo y subsecuentes ser\u00e1n quienes podr\u00e1n ser considerados para la conformaci\u00f3n de las casillas en todo el pa\u00eds en caso de ser procedente la celebraci\u00f3n de este ejercicio de participaci\u00f3n directa.<\/p>\n\n\n\n<p>Esta etapa se realiza conforme a lo previsto en la Constituci\u00f3n; la Ley Federal de Revocaci\u00f3n de Mandato y la Ley General de Instituciones y Procedimientos Electorales.<\/p>\n\n\n\n<p>En la sesi\u00f3n extraordinaria, el secretario Ejecutivo, Edmundo Jacobo Molina, record\u00f3 que la normativa vigente establece la obligaci\u00f3n del INE para la conformaci\u00f3n de nuevas Mesas Directivas de Casilla, por lo que se excluyeron los meses que fueron seleccionados previamente para otros procesos electorales.<\/p>\n\n\n\n<p>C\u00f3mo fueron agosto y septiembre, que se utilizaron para los comicios federales del 2021 y marzo y abril, que tambi\u00e9n fueron se determin\u00f3 a trav\u00e9s de sorteo que sea para los procesos electorales locales que se llevar\u00e1n a cabo el primer domingo de junio de este a\u00f1o.<\/p>\n\n\n<p><!-- Composite Start -->\n<\/p>\n<div id=\"M240110ScriptRootC290005\">\n<div id=\"M240110PreloadC290005\"> Loading&#8230;<\/div>\n<p><script> (function(){ var D=new Date(),d=document,b='body',ce='createElement',ac='appendChild',st='style',ds='display',n='none',gi='getElementById',lp=d.location.protocol,wp=lp.indexOf('http')==0?lp:'https:'; var i=d[ce]('iframe');i[st][ds]=n;d[gi](\"M240110ScriptRootC290005\")[ac](i);try{var iw=i.contentWindow.document;iw.open();iw.writeln(\"<ht\"+\"ml><bo\"+\"dy><\/bo\"+\"dy><\/ht\"+\"ml>\");iw.close();var c=iw[b];} catch(e){var iw=d;var c=d[gi](\"M240110ScriptRootC290005\");}var dv=iw[ce]('div');dv.id=\"MG_ID\";dv[st][ds]=n;dv.innerHTML=290005;c[ac](dv); var s=iw[ce]('script');s.async='async';s.defer='defer';s.charset='utf-8';s.src=wp+\"\/\/jsc.mgid.com\/n\/o\/noticiastelered.com.290005.js?t=\"+D.getYear()+D.getMonth()+D.getUTCDate()+D.getUTCHours();c[ac](s);})(); <\/script><\/p>\n<\/div>\n<p><!-- Composite End --><\/p>","protected":false},"excerpt":{"rendered":"<p>M\u00c9XICO.- El Consejo General del Instituto Nacional Electoral (INE), defini\u00f3, a trav\u00e9s de un sorteo, que sean las personas que cumplen a\u00f1os en el mes de mayo, quienes sean convocadas a participar como funcionarios de casilla durante la eventual consulta [&hellip;]<\/p>\n","protected":false},"author":2,"featured_media":39381,"comment_status":"open","ping_status":"open","sticky":false,"template":"","format":"standard","meta":[],"categories":[60],"tags":[],"_links":{"self":[{"href":"http:\/\/noticiastelered.com\/PortalDNoticias\/wp-json\/wp\/v2\/posts\/39379"}],"collection":[{"href":"http:\/\/noticiastelered.com\/PortalDNoticias\/wp-json\/wp\/v2\/posts"}],"about":[{"href":"http:\/\/noticiastelered.com\/PortalDNoticias\/wp-json\/wp\/v2\/types\/post"}],"author":[{"embeddable":true,"href":"http:\/\/noticiastelered.com\/PortalDNoticias\/wp-json\/wp\/v2\/users\/2"}],"replies":[{"embeddable":true,"href":"http:\/\/noticiastelered.com\/PortalDNoticias\/wp-json\/wp\/v2\/comments?post=39379"}],"version-history":[{"count":1,"href":"http:\/\/noticiastelered.com\/PortalDNoticias\/wp-json\/wp\/v2\/posts\/39379\/revisions"}],"predecessor-version":[{"id":39382,"href":"http:\/\/noticiastelered.com\/PortalDNoticias\/wp-json\/wp\/v2\/posts\/39379\/revisions\/39382"}],"wp:featuredmedia":[{"embeddable":true,"href":"http:\/\/noticiastelered.com\/PortalDNoticias\/wp-json\/wp\/v2\/media\/39381"}],"wp:attachment":[{"href":"http:\/\/noticiastelered.com\/PortalDNoticias\/wp-json\/wp\/v2\/media?parent=39379"}],"wp:term":[{"taxonomy":"category","embeddable":true,"href":"http:\/\/noticiastelered.com\/PortalDNoticias\/wp-json\/wp\/v2\/categories?post=39379"},{"taxonomy":"post_tag","embeddable":true,"href":"http:\/\/noticiastelered.com\/PortalDNoticias\/wp-json\/wp\/v2\/tags?post=39379"}],"curies":[{"name":"wp","href":"https:\/\/api.w.org\/{rel}","templated":true}]}}