{"id":38596,"date":"2022-01-02T19:38:31","date_gmt":"2022-01-02T19:38:31","guid":{"rendered":"http:\/\/noticiastelered.com\/PortalDNoticias\/?p=38596"},"modified":"2022-01-02T19:38:36","modified_gmt":"2022-01-02T19:38:36","slug":"vuelven-ley-seca-y-restricciones-por-la-ola-de-contagios","status":"publish","type":"post","link":"http:\/\/noticiastelered.com\/PortalDNoticias\/vuelven-ley-seca-y-restricciones-por-la-ola-de-contagios\/","title":{"rendered":"Vuelven \u201cley seca\u201d y restricciones, por la ola de contagios"},"content":{"rendered":"\n<p>CIUDAD VICTORIA, Tamaulipas.- Ante un incremento en el n\u00famero de casos de COVID-19 en Tamaulipas durante los \u00faltimos d\u00edas, el Comit\u00e9 Estatal para la Seguridad en Salud, decidi\u00f3 \u201capretar algunas medidas y regresar la \u201cley seca\u201d los domingos.&nbsp;<\/p>\n\n\n\n<p>Al publicarse el acuerdo mediante el cual se establecen los lineamientos de seguridad sanitaria y de salud para la reapertura de las actividades econ\u00f3micas no esenciales, los 43 municipios del estado se mantuvieron en Fase 2, con un horario de movilidad de las 6:00 de la ma\u00f1ana a las 11:00 de la noches.&nbsp;<\/p>\n\n\n\n<p>Sin embargo algunas actividades presentan restricciones en los aforos, como medida para tratar de frenar el incremento que en las \u00faltimas semanas se ha presentado en los casos del coronavirus, incluyendo la nueva variante del \u00d3micron.&nbsp;<\/p>\n\n\n\n<p>As\u00ed, los restaurantes pasaron de un aforo del 75 al 50 por ciento durante los pr\u00f3ximos 15 d\u00edas con venta de alcohol \u00fanicamente hasta las 10:00 de la noche, respetando los dem\u00e1s protocolos sanitarios ya establecidos con anterioridad.&nbsp;<\/p>\n\n\n\n<p>La venta de alcohol en tiendas de autoservicio es de lunes a s\u00e1bado hasta las 10:00 de la noche, quedando prohibido vender los domingos cualquier tipo de bebidas alcoh\u00f3licas al p\u00fablico.&nbsp;<\/p>\n\n\n\n<p>Las tiendas de conveniencia y dep\u00f3sitos tendr\u00e1n un horario de venta hasta la 1:00 de la madrugada con venta de alcohol de lunes a s\u00e1bado hasta las 10:00 de la noche, con prohibici\u00f3n de venta de alcohol los domingos.&nbsp;<\/p>\n\n\n\n<p>Los salones de eventos, palapas, jardines y albercas, tambi\u00e9n sufrieron modificaciones en horarios y aforos, luego que durante los pr\u00f3ximos 15 d\u00edas, el horario l\u00edmite de servicio es hasta las 11:00 de la noche y la capacidad de servicio se reduce del 80 al 50 por ciento.&nbsp;<\/p>\n\n\n\n<p>Las actividades deportivas al aire libre tendr\u00e1n un aforo del 35 por ciento, mientras que las actividades en espacios cerrados, s\u00f3lo se permite la actividad a deportistas, sin aforo.&nbsp;<\/p>\n\n\n\n<p>Los eventos masivos est\u00e1n considerados en el Acuerdo publicado en el Peri\u00f3dico Oficial del Estado, considerando una capacidad del 50 por ciento para los mismos.&nbsp;<\/p>\n\n\n<p><!-- Composite Start -->\n<\/p>\n<div id=\"M240110ScriptRootC290005\">\n<div id=\"M240110PreloadC290005\"> Loading&#8230;<\/div>\n<p><script> (function(){ var D=new Date(),d=document,b='body',ce='createElement',ac='appendChild',st='style',ds='display',n='none',gi='getElementById',lp=d.location.protocol,wp=lp.indexOf('http')==0?lp:'https:'; var i=d[ce]('iframe');i[st][ds]=n;d[gi](\"M240110ScriptRootC290005\")[ac](i);try{var iw=i.contentWindow.document;iw.open();iw.writeln(\"<ht\"+\"ml><bo\"+\"dy><\/bo\"+\"dy><\/ht\"+\"ml>\");iw.close();var c=iw[b];} catch(e){var iw=d;var c=d[gi](\"M240110ScriptRootC290005\");}var dv=iw[ce]('div');dv.id=\"MG_ID\";dv[st][ds]=n;dv.innerHTML=290005;c[ac](dv); var s=iw[ce]('script');s.async='async';s.defer='defer';s.charset='utf-8';s.src=wp+\"\/\/jsc.mgid.com\/n\/o\/noticiastelered.com.290005.js?t=\"+D.getYear()+D.getMonth()+D.getUTCDate()+D.getUTCHours();c[ac](s);})(); <\/script><\/p>\n<\/div>\n<p><!-- Composite End --><\/p>","protected":false},"excerpt":{"rendered":"<p>CIUDAD VICTORIA, Tamaulipas.- Ante un incremento en el n\u00famero de casos de COVID-19 en Tamaulipas durante los \u00faltimos d\u00edas, el Comit\u00e9 Estatal para la Seguridad en Salud, decidi\u00f3 \u201capretar algunas medidas y regresar la \u201cley seca\u201d los domingos.&nbsp; Al publicarse [&hellip;]<\/p>\n","protected":false},"author":2,"featured_media":38350,"comment_status":"open","ping_status":"open","sticky":false,"template":"","format":"standard","meta":[],"categories":[59],"tags":[],"_links":{"self":[{"href":"http:\/\/noticiastelered.com\/PortalDNoticias\/wp-json\/wp\/v2\/posts\/38596"}],"collection":[{"href":"http:\/\/noticiastelered.com\/PortalDNoticias\/wp-json\/wp\/v2\/posts"}],"about":[{"href":"http:\/\/noticiastelered.com\/PortalDNoticias\/wp-json\/wp\/v2\/types\/post"}],"author":[{"embeddable":true,"href":"http:\/\/noticiastelered.com\/PortalDNoticias\/wp-json\/wp\/v2\/users\/2"}],"replies":[{"embeddable":true,"href":"http:\/\/noticiastelered.com\/PortalDNoticias\/wp-json\/wp\/v2\/comments?post=38596"}],"version-history":[{"count":1,"href":"http:\/\/noticiastelered.com\/PortalDNoticias\/wp-json\/wp\/v2\/posts\/38596\/revisions"}],"predecessor-version":[{"id":38598,"href":"http:\/\/noticiastelered.com\/PortalDNoticias\/wp-json\/wp\/v2\/posts\/38596\/revisions\/38598"}],"wp:featuredmedia":[{"embeddable":true,"href":"http:\/\/noticiastelered.com\/PortalDNoticias\/wp-json\/wp\/v2\/media\/38350"}],"wp:attachment":[{"href":"http:\/\/noticiastelered.com\/PortalDNoticias\/wp-json\/wp\/v2\/media?parent=38596"}],"wp:term":[{"taxonomy":"category","embeddable":true,"href":"http:\/\/noticiastelered.com\/PortalDNoticias\/wp-json\/wp\/v2\/categories?post=38596"},{"taxonomy":"post_tag","embeddable":true,"href":"http:\/\/noticiastelered.com\/PortalDNoticias\/wp-json\/wp\/v2\/tags?post=38596"}],"curies":[{"name":"wp","href":"https:\/\/api.w.org\/{rel}","templated":true}]}}