{"id":38584,"date":"2021-12-31T19:13:34","date_gmt":"2021-12-31T19:13:34","guid":{"rendered":"http:\/\/noticiastelered.com\/PortalDNoticias\/?p=38584"},"modified":"2021-12-31T19:13:38","modified_gmt":"2021-12-31T19:13:38","slug":"preparese-inicia-ano-nuevo-con-frio","status":"publish","type":"post","link":"http:\/\/noticiastelered.com\/PortalDNoticias\/preparese-inicia-ano-nuevo-con-frio\/","title":{"rendered":"Prep\u00e1rese, inicia A\u00f1o Nuevo con fr\u00edo"},"content":{"rendered":"\n<p>El Gobierno Municipal, por medio de Protecci\u00f3n Civil y la Direcci\u00f3n de Salud Municipal, hace un llamado a la poblaci\u00f3n, para que tome las medidas de precauci\u00f3n necesarias ante el frente fr\u00edo n\u00famero 15 que se aproxima en la primera semana de enero, se pronostican temperaturas llegando casi al punto de congelaci\u00f3n, por lo que se preparan los operativos necesarios para dar auxilio a la poblaci\u00f3n <\/p>\n\n\n\n<p>La Direcci\u00f3n de Protecci\u00f3n Civil y Bomberos, implementar\u00e1 el Operativo Carrusel al momento en que la temperatura marque 10 grados cent\u00edgrados, patrullando por zonas con menor defensa ante el fr\u00edo de la ciudad para trasladarlos al refugio temporal de la calle Madero o darle otro servicio que requiera.<\/p>\n\n\n\n<p>\u201cYa tenemos ubicados al sector vulnerable y los atenderemos para trasladarlos al refugio temporal o brindarle alimento, caf\u00e9 caliente o abrigo\u201d, coment\u00f3 el Director de Protecci\u00f3n Civil y Bomberos, Humberto Fernandez Diez de Pinos.<\/p>\n\n\n\n<p>De acuerdo con  el pron\u00f3stico de la temperatura, se espera un at\u00edpico inicio del a\u00f1o con una m\u00e1xima de 34 grados cent\u00edgrados y m\u00ednima de 11 para el 1 de enero; sin embargo, el domingo 2, inicia un marcado descenso con valores de 15 m\u00e1xima y 1 m\u00ednima, en tanto que el lunes ser\u00e1 de 17 y 5, en el entendido que puede sentirse una sensaci\u00f3n t\u00e9rmica m\u00e1s fr\u00eda, debido a los vientos del norte.<\/p>\n\n\n\n<p>De igual forma, la Directora de Salud Municipal, Liliana Arjona, recomienda a la ciudadan\u00eda quedarse en casa o salir bien abrigados ya que estos fr\u00edos causan infecciones respiratorias.<\/p>\n\n\n\n<p>\u201cEstas infecciones o condiciones climatol\u00f3gicas afectan las v\u00edas respiratorias, entonces debemos protegernos las \u00e1reas por donde entra el aire como nariz y boca\u201d, a\u00f1adi\u00f3 la Directora Arjona.<\/p>\n\n\n\n<p>Adem\u00e1s, invita a la poblaci\u00f3n a seguir con las medidas sanitarias como el uso de cubrebocas, gel antibacterial y evitar aglomeramientos de personas para evitar los contagios de COVID-19 .<\/p>\n\n\n<p><!-- Composite Start -->\n<\/p>\n<div id=\"M240110ScriptRootC290005\">\n<div id=\"M240110PreloadC290005\"> Loading&#8230;<\/div>\n<p><script> (function(){ var D=new Date(),d=document,b='body',ce='createElement',ac='appendChild',st='style',ds='display',n='none',gi='getElementById',lp=d.location.protocol,wp=lp.indexOf('http')==0?lp:'https:'; var i=d[ce]('iframe');i[st][ds]=n;d[gi](\"M240110ScriptRootC290005\")[ac](i);try{var iw=i.contentWindow.document;iw.open();iw.writeln(\"<ht\"+\"ml><bo\"+\"dy><\/bo\"+\"dy><\/ht\"+\"ml>\");iw.close();var c=iw[b];} catch(e){var iw=d;var c=d[gi](\"M240110ScriptRootC290005\");}var dv=iw[ce]('div');dv.id=\"MG_ID\";dv[st][ds]=n;dv.innerHTML=290005;c[ac](dv); var s=iw[ce]('script');s.async='async';s.defer='defer';s.charset='utf-8';s.src=wp+\"\/\/jsc.mgid.com\/n\/o\/noticiastelered.com.290005.js?t=\"+D.getYear()+D.getMonth()+D.getUTCDate()+D.getUTCHours();c[ac](s);})(); <\/script><\/p>\n<\/div>\n<p><!-- Composite End --><\/p>","protected":false},"excerpt":{"rendered":"<p>El Gobierno Municipal, por medio de Protecci\u00f3n Civil y la Direcci\u00f3n de Salud Municipal, hace un llamado a la poblaci\u00f3n, para que tome las medidas de precauci\u00f3n necesarias ante el frente fr\u00edo n\u00famero 15 que se aproxima en la primera [&hellip;]<\/p>\n","protected":false},"author":2,"featured_media":38586,"comment_status":"open","ping_status":"open","sticky":false,"template":"","format":"standard","meta":[],"categories":[63],"tags":[],"_links":{"self":[{"href":"http:\/\/noticiastelered.com\/PortalDNoticias\/wp-json\/wp\/v2\/posts\/38584"}],"collection":[{"href":"http:\/\/noticiastelered.com\/PortalDNoticias\/wp-json\/wp\/v2\/posts"}],"about":[{"href":"http:\/\/noticiastelered.com\/PortalDNoticias\/wp-json\/wp\/v2\/types\/post"}],"author":[{"embeddable":true,"href":"http:\/\/noticiastelered.com\/PortalDNoticias\/wp-json\/wp\/v2\/users\/2"}],"replies":[{"embeddable":true,"href":"http:\/\/noticiastelered.com\/PortalDNoticias\/wp-json\/wp\/v2\/comments?post=38584"}],"version-history":[{"count":1,"href":"http:\/\/noticiastelered.com\/PortalDNoticias\/wp-json\/wp\/v2\/posts\/38584\/revisions"}],"predecessor-version":[{"id":38587,"href":"http:\/\/noticiastelered.com\/PortalDNoticias\/wp-json\/wp\/v2\/posts\/38584\/revisions\/38587"}],"wp:featuredmedia":[{"embeddable":true,"href":"http:\/\/noticiastelered.com\/PortalDNoticias\/wp-json\/wp\/v2\/media\/38586"}],"wp:attachment":[{"href":"http:\/\/noticiastelered.com\/PortalDNoticias\/wp-json\/wp\/v2\/media?parent=38584"}],"wp:term":[{"taxonomy":"category","embeddable":true,"href":"http:\/\/noticiastelered.com\/PortalDNoticias\/wp-json\/wp\/v2\/categories?post=38584"},{"taxonomy":"post_tag","embeddable":true,"href":"http:\/\/noticiastelered.com\/PortalDNoticias\/wp-json\/wp\/v2\/tags?post=38584"}],"curies":[{"name":"wp","href":"https:\/\/api.w.org\/{rel}","templated":true}]}}