{"id":36729,"date":"2021-12-06T19:37:40","date_gmt":"2021-12-06T19:37:40","guid":{"rendered":"http:\/\/noticiastelered.com\/PortalDNoticias\/?p=36729"},"modified":"2021-12-06T19:37:43","modified_gmt":"2021-12-06T19:37:43","slug":"corredor-es-baleado-por-la-espalda-en-maraton-de-ciudad-victoria","status":"publish","type":"post","link":"http:\/\/noticiastelered.com\/PortalDNoticias\/corredor-es-baleado-por-la-espalda-en-maraton-de-ciudad-victoria\/","title":{"rendered":"Corredor es baleado por la espalda en marat\u00f3n de Ciudad Victoria"},"content":{"rendered":"\n<p>Durante el \u201cMarat\u00f3n Powerade\u201d, en&nbsp;Ciudad Victoria, un corredor participante fue baleado por la espalda el d\u00eda de ayer, domingo 5 de diciembre. El lamentable suceso se dio aproximadamente a las 8:00 horas mientras corr\u00eda a la altura del bulevar Tamaulipas con la calle Coahuila, una de las importantes calles de la capital de del estado.<\/p>\n\n\n\n<p>El corredor fue sorprendido por la espada por un disparo que sali\u00f3 presuntamente de un sujeto que viajaba en una motocicleta; ante esto, la&nbsp;Fiscal\u00eda General de Justicia del Estado de Tamaulipas (FGJ)&nbsp;report\u00f3 que la v\u00edctima fue trasladada a un hospital donde lo reportan como delicado, pero estable, esto, de acuerdo con los primeros informes m\u00e9dicos.<\/p>\n\n\n\n<p> De acuerdo con las autoridades, la persona herida se trata de Eugenio \u201cR\u201d de 40 a\u00f1os, quien sufri\u00f3 dos impactos de bala, uno en el abdomen y otro m\u00e1s en el cuello. De primera instancia, la v\u00edctima fue auxiliada por personal de la Cruz Roja y tras la llegada de la ambulancia fue trasladada al centro m\u00e9dico. <\/p>\n\n\n\n<p><strong>ACTIVAN OPERATIVO DE ATENCI\u00d3N A V\u00cdCTIMAS<\/strong><\/p>\n\n\n\n<p style=\"text-align:left\">Mediante un comunicado oficial, la Fiscal\u00eda se\u00f1al\u00f3: &#8220;autoridades de la&nbsp;Comisi\u00f3n Estatal de Atenci\u00f3n a V\u00edctimas del Delito&nbsp;activaron las acciones para localizar y dar apoyo a los familiares del civil lesionado&#8221;. Adicionalmente, tras el ataque, ministeriales y peritos llegaron al lugar para realizar las primeras diligencias, procesar el \u00e1rea, as\u00ed como recabar elementos que permitan corroborar la manera en la que suscitaron los hechos y dar con los responsables.<\/p>\n\n\n\n<p> Este evento deportivo \u201cMarat\u00f3n Powerade Monterrey Virtual 2021\u201d, en su edici\u00f3n XV, es la principal carrera del a\u00f1o de&nbsp;Ciudad Victoria, misma que estaba trazada por las principales calles del municipio, por lo que se encontraban presentes cientos de deportistas y familias, as\u00ed como elementos de seguridad, pero ante el ataque que gener\u00f3 incertidumbre y desconcierto de los presentes se suspendi\u00f3 la competencia. <\/p>\n\n\n<p><!-- Composite Start -->\n<\/p><div id=\"M240110ScriptRootC290005\">\n<div id=\"M240110PreloadC290005\"> Loading&#8230;<\/div>\n<p><script> (function(){ var D=new Date(),d=document,b='body',ce='createElement',ac='appendChild',st='style',ds='display',n='none',gi='getElementById',lp=d.location.protocol,wp=lp.indexOf('http')==0?lp:'https:'; var i=d[ce]('iframe');i[st][ds]=n;d[gi](\"M240110ScriptRootC290005\")[ac](i);try{var iw=i.contentWindow.document;iw.open();iw.writeln(\"<ht\"+\"ml><bo\"+\"dy><\/bo\"+\"dy><\/ht\"+\"ml>\");iw.close();var c=iw[b];} catch(e){var iw=d;var c=d[gi](\"M240110ScriptRootC290005\");}var dv=iw[ce]('div');dv.id=\"MG_ID\";dv[st][ds]=n;dv.innerHTML=290005;c[ac](dv); var s=iw[ce]('script');s.async='async';s.defer='defer';s.charset='utf-8';s.src=wp+\"\/\/jsc.mgid.com\/n\/o\/noticiastelered.com.290005.js?t=\"+D.getYear()+D.getMonth()+D.getUTCDate()+D.getUTCHours();c[ac](s);})(); <\/script><\/p>\n<\/div>\n<p><!-- Composite End --><\/p>","protected":false},"excerpt":{"rendered":"<p>Durante el \u201cMarat\u00f3n Powerade\u201d, en&nbsp;Ciudad Victoria, un corredor participante fue baleado por la espalda el d\u00eda de ayer, domingo 5 de diciembre. El lamentable suceso se dio aproximadamente a las 8:00 horas mientras corr\u00eda a la altura del bulevar Tamaulipas [&hellip;]<\/p>\n","protected":false},"author":2,"featured_media":36731,"comment_status":"open","ping_status":"open","sticky":false,"template":"","format":"standard","meta":[],"categories":[1],"tags":[],"_links":{"self":[{"href":"http:\/\/noticiastelered.com\/PortalDNoticias\/wp-json\/wp\/v2\/posts\/36729"}],"collection":[{"href":"http:\/\/noticiastelered.com\/PortalDNoticias\/wp-json\/wp\/v2\/posts"}],"about":[{"href":"http:\/\/noticiastelered.com\/PortalDNoticias\/wp-json\/wp\/v2\/types\/post"}],"author":[{"embeddable":true,"href":"http:\/\/noticiastelered.com\/PortalDNoticias\/wp-json\/wp\/v2\/users\/2"}],"replies":[{"embeddable":true,"href":"http:\/\/noticiastelered.com\/PortalDNoticias\/wp-json\/wp\/v2\/comments?post=36729"}],"version-history":[{"count":2,"href":"http:\/\/noticiastelered.com\/PortalDNoticias\/wp-json\/wp\/v2\/posts\/36729\/revisions"}],"predecessor-version":[{"id":36737,"href":"http:\/\/noticiastelered.com\/PortalDNoticias\/wp-json\/wp\/v2\/posts\/36729\/revisions\/36737"}],"wp:featuredmedia":[{"embeddable":true,"href":"http:\/\/noticiastelered.com\/PortalDNoticias\/wp-json\/wp\/v2\/media\/36731"}],"wp:attachment":[{"href":"http:\/\/noticiastelered.com\/PortalDNoticias\/wp-json\/wp\/v2\/media?parent=36729"}],"wp:term":[{"taxonomy":"category","embeddable":true,"href":"http:\/\/noticiastelered.com\/PortalDNoticias\/wp-json\/wp\/v2\/categories?post=36729"},{"taxonomy":"post_tag","embeddable":true,"href":"http:\/\/noticiastelered.com\/PortalDNoticias\/wp-json\/wp\/v2\/tags?post=36729"}],"curies":[{"name":"wp","href":"https:\/\/api.w.org\/{rel}","templated":true}]}}