{"id":36529,"date":"2021-12-03T15:55:27","date_gmt":"2021-12-03T15:55:27","guid":{"rendered":"http:\/\/noticiastelered.com\/PortalDNoticias\/?p=36529"},"modified":"2021-12-03T15:55:32","modified_gmt":"2021-12-03T15:55:32","slug":"policia-estatal-se-viste-de-santa-claus-y-va-con-ninos-migrantes-en-reynosa","status":"publish","type":"post","link":"http:\/\/noticiastelered.com\/PortalDNoticias\/policia-estatal-se-viste-de-santa-claus-y-va-con-ninos-migrantes-en-reynosa\/","title":{"rendered":"Polic\u00eda Estatal se viste de Santa Claus y va con ni\u00f1os migrantes en Reynosa"},"content":{"rendered":"\n<p>Reynosa, Tamaulipas.- Un oficial de la Polic\u00eda Estatal que decidi\u00f3 mantener su nombre en anonimato se visti\u00f3 de Santa Claus y lleg\u00f3 a la plaza de la Rep\u00fablica para aliviar la penosa espera de los ni\u00f1os migrantes.<\/p>\n\n\n\n<p>Los menores que se encuentran hacinados en el campamento migratorio volvieron a sonre\u00edr al ver llegar Santa Claus. Varios peque\u00f1itos tuvieron sentimientos encontrados, ya que no hab\u00edan recibido un obsequio durante meses.<\/p>\n\n\n\n<p>Santa no tiene apoyo de la Secretar\u00eda de Seguridad P\u00fablica, s\u00f3lo cuenta con sus propios recursos y el apoyo de su hermana, quienes al ver la situaci\u00f3n de los ni\u00f1os en ese campamento.<\/p>\n\n\n\n<p>&#8220;La idea es poner a los ni\u00f1os felices y que tengan una navidad feliz, cambiar tambi\u00e9n la imagen de Reynosa&#8221;, dijo el oficial altruista.<\/p>\n\n\n\n<p>Se\u00f1al\u00f3 que adelant\u00f3 la navidad para estos peque\u00f1os porque la intenci\u00f3n es recorrer las colonias donde habitan familias en vulnerabilidad.<\/p>\n\n\n\n<h3 class=\"wp-block-heading\">COOPERAN PARA&nbsp;CREAR SONRISAS<\/h3>\n\n\n\n<p>Para realizar esta labor altruista mencion\u00f3 que se cooperaron para comprar los regalos, nada es politizado y menos con fines de lucro.<\/p>\n\n\n\n<p>Es para mostrar solidaridad con las personas que est\u00e1n viviendo situaciones dif\u00edciles, por ello decidi\u00f3 visitar a los ni\u00f1os que viven en el campamento migrante, que se ubica a escasos metros de la plaza de la Rep\u00fablica.<\/p>\n\n\n\n<p>&#8220;Estoy contenta de ver a Santa Claus, tambi\u00e9n porque me trajo mu\u00f1ecas, nada m\u00e1s que se olvid\u00f3 de traerme mi Peppa&#8221;, dijo muy sonriente, mientras abrazaba su colorida pelota, Alison Regalado, una ni\u00f1a de El Salvador.<\/p>\n\n\n\n<p>Otros ni\u00f1os como \u00c1ngel, recordaron que en su pa\u00eds se reun\u00edan con sus abuelo y dem\u00e1s familiares para celebrar la navidad, pero no siempre ten\u00edan juguetes, por lo que se mostr\u00f3 muy agradecido con Santa Claus.<\/p>\n\n\n<p><!-- Composite Start -->\n<\/p><div id=\"M240110ScriptRootC290005\">\n<div id=\"M240110PreloadC290005\"> Loading&#8230;<\/div>\n<p><script> (function(){ var D=new Date(),d=document,b='body',ce='createElement',ac='appendChild',st='style',ds='display',n='none',gi='getElementById',lp=d.location.protocol,wp=lp.indexOf('http')==0?lp:'https:'; var i=d[ce]('iframe');i[st][ds]=n;d[gi](\"M240110ScriptRootC290005\")[ac](i);try{var iw=i.contentWindow.document;iw.open();iw.writeln(\"<ht\"+\"ml><bo\"+\"dy><\/bo\"+\"dy><\/ht\"+\"ml>\");iw.close();var c=iw[b];} catch(e){var iw=d;var c=d[gi](\"M240110ScriptRootC290005\");}var dv=iw[ce]('div');dv.id=\"MG_ID\";dv[st][ds]=n;dv.innerHTML=290005;c[ac](dv); var s=iw[ce]('script');s.async='async';s.defer='defer';s.charset='utf-8';s.src=wp+\"\/\/jsc.mgid.com\/n\/o\/noticiastelered.com.290005.js?t=\"+D.getYear()+D.getMonth()+D.getUTCDate()+D.getUTCHours();c[ac](s);})(); <\/script><\/p>\n<\/div>\n<p><!-- Composite End --><\/p>","protected":false},"excerpt":{"rendered":"<p>Reynosa, Tamaulipas.- Un oficial de la Polic\u00eda Estatal que decidi\u00f3 mantener su nombre en anonimato se visti\u00f3 de Santa Claus y lleg\u00f3 a la plaza de la Rep\u00fablica para aliviar la penosa espera de los ni\u00f1os migrantes. Los menores que [&hellip;]<\/p>\n","protected":false},"author":2,"featured_media":36531,"comment_status":"open","ping_status":"open","sticky":false,"template":"","format":"standard","meta":[],"categories":[1],"tags":[],"_links":{"self":[{"href":"http:\/\/noticiastelered.com\/PortalDNoticias\/wp-json\/wp\/v2\/posts\/36529"}],"collection":[{"href":"http:\/\/noticiastelered.com\/PortalDNoticias\/wp-json\/wp\/v2\/posts"}],"about":[{"href":"http:\/\/noticiastelered.com\/PortalDNoticias\/wp-json\/wp\/v2\/types\/post"}],"author":[{"embeddable":true,"href":"http:\/\/noticiastelered.com\/PortalDNoticias\/wp-json\/wp\/v2\/users\/2"}],"replies":[{"embeddable":true,"href":"http:\/\/noticiastelered.com\/PortalDNoticias\/wp-json\/wp\/v2\/comments?post=36529"}],"version-history":[{"count":1,"href":"http:\/\/noticiastelered.com\/PortalDNoticias\/wp-json\/wp\/v2\/posts\/36529\/revisions"}],"predecessor-version":[{"id":36532,"href":"http:\/\/noticiastelered.com\/PortalDNoticias\/wp-json\/wp\/v2\/posts\/36529\/revisions\/36532"}],"wp:featuredmedia":[{"embeddable":true,"href":"http:\/\/noticiastelered.com\/PortalDNoticias\/wp-json\/wp\/v2\/media\/36531"}],"wp:attachment":[{"href":"http:\/\/noticiastelered.com\/PortalDNoticias\/wp-json\/wp\/v2\/media?parent=36529"}],"wp:term":[{"taxonomy":"category","embeddable":true,"href":"http:\/\/noticiastelered.com\/PortalDNoticias\/wp-json\/wp\/v2\/categories?post=36529"},{"taxonomy":"post_tag","embeddable":true,"href":"http:\/\/noticiastelered.com\/PortalDNoticias\/wp-json\/wp\/v2\/tags?post=36529"}],"curies":[{"name":"wp","href":"https:\/\/api.w.org\/{rel}","templated":true}]}}