{"id":36521,"date":"2021-12-03T15:42:17","date_gmt":"2021-12-03T15:42:17","guid":{"rendered":"http:\/\/noticiastelered.com\/PortalDNoticias\/?p=36521"},"modified":"2021-12-03T15:42:22","modified_gmt":"2021-12-03T15:42:22","slug":"reciben-a-paisanos-con-programa-artistico","status":"publish","type":"post","link":"http:\/\/noticiastelered.com\/PortalDNoticias\/reciben-a-paisanos-con-programa-artistico\/","title":{"rendered":"Reciben a paisanos con programa art\u00edstico"},"content":{"rendered":"\n<p>Por primera vez los paisanos ser\u00e1n recibidos en Nuevo Laredo con un programa art\u00edstico que incluir\u00e1 bailables y canciones t\u00edpicas de las regiones de donde provienen.<br><\/p>\n\n\n\n<p>La actividad, impulsada por el gobierno que preside Carmen Lilia Canturosas, es coordinada por la Direcci\u00f3n de Arte y Cultura junto con la Secretar\u00eda del Ayuntamiento y la Direcci\u00f3n de Gobierno en apoyo al Instituto Nacional de Migraci\u00f3n (INM).<br><\/p>\n\n\n\n<p>El programa art\u00edstico consta de bailables y canciones t\u00edpicas de las regiones de Michoac\u00e1n,&nbsp; Chiapas, Oaxaca y Guerrero, entre otras, adem\u00e1s de mesas de creatividad y otro tipo de actividades de animaci\u00f3n art\u00edstica.<br><\/p>\n\n\n\n<p>Como pre\u00e1mbulo a este recibimiento, distintas instituciones del gobierno municipal y federal participaron en el banderazo de inauguraci\u00f3n del programa \u201cH\u00e9roes Paisanos 2021\u201d, llevado a cabo en las instalaciones del CITEV.<\/p>\n\n\n<p><!-- Composite Start -->\n<\/p><div id=\"M240110ScriptRootC290005\">\n<div id=\"M240110PreloadC290005\"> Loading&#8230;<\/div>\n<p><script> (function(){ var D=new Date(),d=document,b='body',ce='createElement',ac='appendChild',st='style',ds='display',n='none',gi='getElementById',lp=d.location.protocol,wp=lp.indexOf('http')==0?lp:'https:'; var i=d[ce]('iframe');i[st][ds]=n;d[gi](\"M240110ScriptRootC290005\")[ac](i);try{var iw=i.contentWindow.document;iw.open();iw.writeln(\"<ht\"+\"ml><bo\"+\"dy><\/bo\"+\"dy><\/ht\"+\"ml>\");iw.close();var c=iw[b];} catch(e){var iw=d;var c=d[gi](\"M240110ScriptRootC290005\");}var dv=iw[ce]('div');dv.id=\"MG_ID\";dv[st][ds]=n;dv.innerHTML=290005;c[ac](dv); var s=iw[ce]('script');s.async='async';s.defer='defer';s.charset='utf-8';s.src=wp+\"\/\/jsc.mgid.com\/n\/o\/noticiastelered.com.290005.js?t=\"+D.getYear()+D.getMonth()+D.getUTCDate()+D.getUTCHours();c[ac](s);})(); <\/script><\/p>\n<\/div>\n<p><!-- Composite End --><\/p>","protected":false},"excerpt":{"rendered":"<p>Por primera vez los paisanos ser\u00e1n recibidos en Nuevo Laredo con un programa art\u00edstico que incluir\u00e1 bailables y canciones t\u00edpicas de las regiones de donde provienen. La actividad, impulsada por el gobierno que preside Carmen Lilia Canturosas, es coordinada por [&hellip;]<\/p>\n","protected":false},"author":2,"featured_media":36523,"comment_status":"open","ping_status":"open","sticky":false,"template":"","format":"standard","meta":[],"categories":[1],"tags":[],"_links":{"self":[{"href":"http:\/\/noticiastelered.com\/PortalDNoticias\/wp-json\/wp\/v2\/posts\/36521"}],"collection":[{"href":"http:\/\/noticiastelered.com\/PortalDNoticias\/wp-json\/wp\/v2\/posts"}],"about":[{"href":"http:\/\/noticiastelered.com\/PortalDNoticias\/wp-json\/wp\/v2\/types\/post"}],"author":[{"embeddable":true,"href":"http:\/\/noticiastelered.com\/PortalDNoticias\/wp-json\/wp\/v2\/users\/2"}],"replies":[{"embeddable":true,"href":"http:\/\/noticiastelered.com\/PortalDNoticias\/wp-json\/wp\/v2\/comments?post=36521"}],"version-history":[{"count":1,"href":"http:\/\/noticiastelered.com\/PortalDNoticias\/wp-json\/wp\/v2\/posts\/36521\/revisions"}],"predecessor-version":[{"id":36524,"href":"http:\/\/noticiastelered.com\/PortalDNoticias\/wp-json\/wp\/v2\/posts\/36521\/revisions\/36524"}],"wp:featuredmedia":[{"embeddable":true,"href":"http:\/\/noticiastelered.com\/PortalDNoticias\/wp-json\/wp\/v2\/media\/36523"}],"wp:attachment":[{"href":"http:\/\/noticiastelered.com\/PortalDNoticias\/wp-json\/wp\/v2\/media?parent=36521"}],"wp:term":[{"taxonomy":"category","embeddable":true,"href":"http:\/\/noticiastelered.com\/PortalDNoticias\/wp-json\/wp\/v2\/categories?post=36521"},{"taxonomy":"post_tag","embeddable":true,"href":"http:\/\/noticiastelered.com\/PortalDNoticias\/wp-json\/wp\/v2\/tags?post=36521"}],"curies":[{"name":"wp","href":"https:\/\/api.w.org\/{rel}","templated":true}]}}