{"id":36513,"date":"2021-12-02T22:45:09","date_gmt":"2021-12-02T22:45:09","guid":{"rendered":"http:\/\/noticiastelered.com\/PortalDNoticias\/?p=36513"},"modified":"2021-12-02T22:45:14","modified_gmt":"2021-12-02T22:45:14","slug":"resalta-foro-vision-la-competitividad-de-los-dos-laredos","status":"publish","type":"post","link":"http:\/\/noticiastelered.com\/PortalDNoticias\/resalta-foro-vision-la-competitividad-de-los-dos-laredos\/","title":{"rendered":"RESALTA FORO VISI\u00d3N LA COMPETITIVIDAD DE LOS DOS LAREDOS"},"content":{"rendered":"\n<p>En el \u201cForo Binacional para la Gesti\u00f3n Metropolitana: Un di\u00e1logo con visi\u00f3n metropolitana para la transformaci\u00f3n de la frontera M\u00e9xico \u2013 EE.UU.\u201d, se abord\u00f3  el tema del \u201cFortalecimiento de la colaboraci\u00f3n metropolitana binacional como catalizador de la competitividad\u201d, con la finalidad de que detallaran las fortalezas y \u00e1reas de oportunidad en la frontera de Nuevo Laredo con Laredo, Texas.<\/p>\n\n\n\n<p>\u201cNosotros conceptuamos en el Programa de Gesti\u00f3n Integral de Fronteras, que las fronteras son zonas de desarrollo econ\u00f3mico con grandes potencialidades\u201d, coment\u00f3 Emilio Urquillas Freire, Representante en M\u00e9xico y encargado de la Vicepresidencia de Programas de Pa\u00edses del Banco de Desarrollo de Am\u00e9rica Latina (CAF).<\/p>\n\n\n\n<p>En el foro se destac\u00f3 que durante la pandemia, el fortalecimiento de la relaci\u00f3n de M\u00e9xico con Estados Unidos (EE.UU.) creci\u00f3 y se proyect\u00f3 en las m\u00e1s de 175 millones de vacunas que adquiri\u00f3 el pa\u00eds mexicano, donde algunas de ellas fueron donadas por el gobierno estadounidense.<\/p>\n\n\n\n<p>\u201cFelicito a las autoridades municipales de Laredo y Nuevo Laredo por los esfuerzos de la vacunaci\u00f3n fronteriza porque esto es un gran logro para esa regi\u00f3n\u201d, mencion\u00f3 el Director de Asuntos Fronterizos de la Secretar\u00eda de Relaciones Exteriores, Pablo G\u00e1lvez de Yturbe. <\/p>\n\n\n\n<p>Uno de los ponentes en este bloque fue John Beckham, Director General Adjunto del Banco de Desarrollo de Am\u00e9rica del Norte, quien expuso que esta instituci\u00f3n fue creada por M\u00e9xico y Estados Unidos con la misi\u00f3n de invertir en la regi\u00f3n fronteriza y uno de los retos de la regi\u00f3n, es generar producci\u00f3n con t\u00e9cnicas m\u00e1s ecol\u00f3gicas con inversiones que han hecho en los dos pa\u00edses con energ\u00edas renovables.<\/p>\n\n\n\n<p>\u201cA trav\u00e9s de 25 a\u00f1os hemos canalizado m\u00e1s de 3 mil millones de d\u00f3lares de inversi\u00f3n a la regi\u00f3n para mejorar su competitividad y ambiente&#8221;, destac\u00f3 Beckham. <\/p>\n\n\n\n<p>Por su parte, el C\u00f3nsul General de M\u00e9xico en Laredo, Juan Carlos Mendoza, destac\u00f3 que M\u00e9xico se ha quedado atr\u00e1s en el tema econ\u00f3mico y que se debe mejorar la competitividad del mercado para generar una mejor calidad de vida, trabajando de la mano con EE.UU. debido a que la relaci\u00f3n va m\u00e1s all\u00e1 de ser pa\u00edses vecinos, sino que juntos son Norteam\u00e9rica. <\/p>\n\n\n\n<p>\u201cLa frontera no debe verse como el punto m\u00e1s alejado de las capitales, sino como un enlace entre pa\u00edses vecinos en una regi\u00f3n econ\u00f3mica que est\u00e1 destinada a ser la m\u00e1s importante del mundo\u201d, recalc\u00f3 el C\u00f3nsul. <\/p>\n\n\n\n<p>La Presidenta de la Asociaci\u00f3n de Agentes Aduanales (AAA), Yolanda Malag\u00f3n Medina, indic\u00f3 que el impacto de este foro es crear prosperidad, mejorar la calidad de vida en ambas regiones y no s\u00f3lo el flujo comercial; adem\u00e1s,  los agentes aduanales promueven, no s\u00f3lo la expansi\u00f3n del Puente del Comercio Mundial, sino un nuevo puente que sirva como plataforma log\u00edstica. <\/p>\n\n\n\n<p>\u201cHemos sido nombrados como la Capital Aduanera de Am\u00e9rica, donde casi 800 mil personas de ambas regiones movemos la econom\u00eda\u201d, expuso Malag\u00f3n Medina. <\/p>\n\n\n\n<p>Por otro lado, el Presidente y CEO de JA Group M\u00e9xico, Jorge Acevedo, declar\u00f3 que el mejoramiento debe surgir despu\u00e9s de tejer v\u00ednculos de desarrollo econ\u00f3mico con impacto social y que se deben aprovechar las organizaciones gubernamentales y las que no son para generar una visi\u00f3n de desarrollo sostenible y sustentable.<\/p>\n\n\n\n<p>\u201cAprovechemos este foro para que el mundo nos voltee a ver y veamos c\u00f3mo aportamos informaci\u00f3n al mundo\u201d indic\u00f3 Acevedo. <\/p>\n\n\n\n<p>El bloque finaliz\u00f3 en una empat\u00eda e intercambio de ideas y los ponentes se invitaron entre s\u00ed para colaborar y planear su desarrollo de visi\u00f3n a futuro.<\/p>\n\n\n<p><!-- Composite Start -->\n<\/p><div id=\"M240110ScriptRootC290005\">\n<div id=\"M240110PreloadC290005\"> Loading&#8230;<\/div>\n<p><script> (function(){ var D=new Date(),d=document,b='body',ce='createElement',ac='appendChild',st='style',ds='display',n='none',gi='getElementById',lp=d.location.protocol,wp=lp.indexOf('http')==0?lp:'https:'; var i=d[ce]('iframe');i[st][ds]=n;d[gi](\"M240110ScriptRootC290005\")[ac](i);try{var iw=i.contentWindow.document;iw.open();iw.writeln(\"<ht\"+\"ml><bo\"+\"dy><\/bo\"+\"dy><\/ht\"+\"ml>\");iw.close();var c=iw[b];} catch(e){var iw=d;var c=d[gi](\"M240110ScriptRootC290005\");}var dv=iw[ce]('div');dv.id=\"MG_ID\";dv[st][ds]=n;dv.innerHTML=290005;c[ac](dv); var s=iw[ce]('script');s.async='async';s.defer='defer';s.charset='utf-8';s.src=wp+\"\/\/jsc.mgid.com\/n\/o\/noticiastelered.com.290005.js?t=\"+D.getYear()+D.getMonth()+D.getUTCDate()+D.getUTCHours();c[ac](s);})(); <\/script><\/p>\n<\/div>\n<p><!-- Composite End --><\/p>","protected":false},"excerpt":{"rendered":"<p>En el \u201cForo Binacional para la Gesti\u00f3n Metropolitana: Un di\u00e1logo con visi\u00f3n metropolitana para la transformaci\u00f3n de la frontera M\u00e9xico \u2013 EE.UU.\u201d, se abord\u00f3 el tema del \u201cFortalecimiento de la colaboraci\u00f3n metropolitana binacional como catalizador de la competitividad\u201d, con la [&hellip;]<\/p>\n","protected":false},"author":2,"featured_media":36515,"comment_status":"open","ping_status":"open","sticky":false,"template":"","format":"standard","meta":[],"categories":[59],"tags":[],"_links":{"self":[{"href":"http:\/\/noticiastelered.com\/PortalDNoticias\/wp-json\/wp\/v2\/posts\/36513"}],"collection":[{"href":"http:\/\/noticiastelered.com\/PortalDNoticias\/wp-json\/wp\/v2\/posts"}],"about":[{"href":"http:\/\/noticiastelered.com\/PortalDNoticias\/wp-json\/wp\/v2\/types\/post"}],"author":[{"embeddable":true,"href":"http:\/\/noticiastelered.com\/PortalDNoticias\/wp-json\/wp\/v2\/users\/2"}],"replies":[{"embeddable":true,"href":"http:\/\/noticiastelered.com\/PortalDNoticias\/wp-json\/wp\/v2\/comments?post=36513"}],"version-history":[{"count":1,"href":"http:\/\/noticiastelered.com\/PortalDNoticias\/wp-json\/wp\/v2\/posts\/36513\/revisions"}],"predecessor-version":[{"id":36516,"href":"http:\/\/noticiastelered.com\/PortalDNoticias\/wp-json\/wp\/v2\/posts\/36513\/revisions\/36516"}],"wp:featuredmedia":[{"embeddable":true,"href":"http:\/\/noticiastelered.com\/PortalDNoticias\/wp-json\/wp\/v2\/media\/36515"}],"wp:attachment":[{"href":"http:\/\/noticiastelered.com\/PortalDNoticias\/wp-json\/wp\/v2\/media?parent=36513"}],"wp:term":[{"taxonomy":"category","embeddable":true,"href":"http:\/\/noticiastelered.com\/PortalDNoticias\/wp-json\/wp\/v2\/categories?post=36513"},{"taxonomy":"post_tag","embeddable":true,"href":"http:\/\/noticiastelered.com\/PortalDNoticias\/wp-json\/wp\/v2\/tags?post=36513"}],"curies":[{"name":"wp","href":"https:\/\/api.w.org\/{rel}","templated":true}]}}