{"id":35892,"date":"2021-11-24T15:51:36","date_gmt":"2021-11-24T15:51:36","guid":{"rendered":"http:\/\/noticiastelered.com\/PortalDNoticias\/?p=35892"},"modified":"2021-11-24T15:51:41","modified_gmt":"2021-11-24T15:51:41","slug":"propuestas-entusiasmo-y-trabajo-en-la-visita-de-guillermo-mendoza-a-la-uamceh","status":"publish","type":"post","link":"http:\/\/noticiastelered.com\/PortalDNoticias\/propuestas-entusiasmo-y-trabajo-en-la-visita-de-guillermo-mendoza-a-la-uamceh\/","title":{"rendered":"Propuestas, entusiasmo y trabajo en la visita de Guillermo Mendoza a la UAMCEH"},"content":{"rendered":"<p>Ciudad Victoria, Tamaulipas, 23 de noviembre de 2021.<\/p>\n<p>\u2022\t\u201cCon las iniciativas de nuestros docentes y estudiantes seguiremos haciendo m\u00e1s grande a nuestra Universidad\u201d: Guillermo Mendoza.<br \/>\n\u2022<br \/>\nEn di\u00e1logo con los universitarios de la Unidad Acad\u00e9mica Multidisciplinaria de Ciencias, Educaci\u00f3n y Humanidades (UAMCEH), el C. P. Guillermo Mendoza Cavazos reafirm\u00f3 que, con las iniciativas de docentes y estudiantes, la Universidad Aut\u00f3noma de Tamaulipas (UAT) seguir\u00e1 siendo m\u00e1s grande y m\u00e1s fuerte.<\/p>\n<p>Al continuar el recorrido para compartir a las dependencias acad\u00e9micas su proyecto como Rector Electo para el per\u00edodo 2022-2025, el contador Mendoza Cavazos se reuni\u00f3 con el claustro docente de la UAMCEH y los invit\u00f3 a participar activamente en la construcci\u00f3n del nuevo Plan de Desarrollo Institucional de la casa de estudios.<\/p>\n<p>Escuch\u00f3 planteamientos de integrantes del personal acad\u00e9mico, como la Dra. en Filosof\u00eda de la Educaci\u00f3n Luisa \u00c1lvarez Cervantes, que sugiri\u00f3 un proyecto para el modelo pedag\u00f3gico de la Universidad, y la Dra. Gabriela Sol\u00eds Segovia, que plante\u00f3 fortalecer el proyecto de comedor universitario y huerto escolar, que ha sido de gran apoyo para estudiantes locales y for\u00e1neos de escasos recursos econ\u00f3micos.<\/p>\n<p>El C. P. Mendoza Cavazos resalt\u00f3 el objetivo de fomentar estos foros para escuchar las opiniones de todos, tras subrayar que hay muchos temas que analizar para mejorar a la Universidad.<\/p>\n<p>\u201cY como usted bien dice, el tema del modelo pedag\u00f3gico es un tema que se debe analizar\u201d, subray\u00f3, luego de agradecer a la Dra. \u00c1lvarez Cervantes porque su participaci\u00f3n y planteamientos tienen mucho que aportar en el mejoramiento educativo de la Universidad.<\/p>\n<p>\u201cLo importante de estos foros es escuchar las opiniones de todos; escuchar esa parte de c\u00f3mo podemos seguir mejorando\u201d, a\u00f1adi\u00f3.<\/p>\n<p>Reiter\u00f3 que busca seguir trabajando en una gesti\u00f3n rectoral de puertas abiertas, con la realizaci\u00f3n de este tipo de foros que permitan el di\u00e1logo, recibir opiniones y buscar soluciones con la participaci\u00f3n de la comunidad universitaria.<\/p>\n<p>\u201cPorque eso es lo que queremos hacer, recibir sus opiniones en cuanto a lo que est\u00e1 pasando y qu\u00e9 es lo que siente la universidad. Creemos que en este momento es lo adecuado para efecto de nuestro Plan de Desarrollo Institucional. Pero no solo eso, sino para saber tambi\u00e9n qu\u00e9 es lo que va a pasar con la Universidad en los pr\u00f3ximos a\u00f1os\u201d, puntualiz\u00f3.<\/p>\n<p>En la sesi\u00f3n efectuada en el auditorio de la UAMCEH, el C. P. Guillermo Mendoza agradeci\u00f3 al personal docente por participar en esta reuni\u00f3n con el entusiasmo y gran cari\u00f1o que sienten por su Universidad.<\/p>\n<p>De igual forma, y acompa\u00f1ado por el Dr. Rogelio Castillo Walle, Director de la unidad acad\u00e9mica, y cumpliendo en todo momento con los protocolos sanitarios, el Rector Electo sostuvo un di\u00e1logo con la comunidad estudiantil para escuchar y conocer de viva voz sus inquietudes y propuestas.<\/p>\n<p>En el \u00e1gora de la UAMCEH fue recibido por alumnos de todas las carreras, donde atendi\u00f3, entre otros temas, el regreso a clases presenciales, la continuidad de las becas COVID, proyectos de impulso al deporte de alto rendimiento y movilidad acad\u00e9mica.<\/p>\n<p>Como parte de las actividades, se reuni\u00f3 con personal directivo y las coordinaciones de licenciatura y posgrado, hizo un recorrido por las instalaciones acad\u00e9micas, laboratorios, salas de c\u00f3mputo, espacios deportivos, el huerto escolar y la unidad de primeros auxilios, entre otras \u00e1reas del plantel.<\/p>\n<p><!-- Composite Start --><\/p>\n<div id=\"M240110ScriptRootC290005\">\n<div id=\"M240110PreloadC290005\"> Loading&#8230;<\/div>\n<p><script> (function(){ var D=new Date(),d=document,b='body',ce='createElement',ac='appendChild',st='style',ds='display',n='none',gi='getElementById',lp=d.location.protocol,wp=lp.indexOf('http')==0?lp:'https:'; var i=d[ce]('iframe');i[st][ds]=n;d[gi](\"M240110ScriptRootC290005\")[ac](i);try{var iw=i.contentWindow.document;iw.open();iw.writeln(\"<ht\"+\"ml><bo\"+\"dy><\/bo\"+\"dy><\/ht\"+\"ml>\");iw.close();var c=iw[b];} catch(e){var iw=d;var c=d[gi](\"M240110ScriptRootC290005\");}var dv=iw[ce]('div');dv.id=\"MG_ID\";dv[st][ds]=n;dv.innerHTML=290005;c[ac](dv); var s=iw[ce]('script');s.async='async';s.defer='defer';s.charset='utf-8';s.src=wp+\"\/\/jsc.mgid.com\/n\/o\/noticiastelered.com.290005.js?t=\"+D.getYear()+D.getMonth()+D.getUTCDate()+D.getUTCHours();c[ac](s);})(); <\/script><\/p>\n<\/div>\n<p><!-- Composite End --><\/p>\n","protected":false},"excerpt":{"rendered":"<p>Ciudad Victoria, Tamaulipas, 23 de noviembre de 2021. \u2022 \u201cCon las iniciativas de nuestros docentes y estudiantes seguiremos haciendo m\u00e1s grande a nuestra Universidad\u201d: Guillermo Mendoza. \u2022 En di\u00e1logo con los universitarios de la Unidad Acad\u00e9mica Multidisciplinaria de Ciencias, Educaci\u00f3n [&hellip;]<\/p>\n","protected":false},"author":3,"featured_media":35894,"comment_status":"open","ping_status":"open","sticky":false,"template":"","format":"standard","meta":[],"categories":[59],"tags":[],"_links":{"self":[{"href":"http:\/\/noticiastelered.com\/PortalDNoticias\/wp-json\/wp\/v2\/posts\/35892"}],"collection":[{"href":"http:\/\/noticiastelered.com\/PortalDNoticias\/wp-json\/wp\/v2\/posts"}],"about":[{"href":"http:\/\/noticiastelered.com\/PortalDNoticias\/wp-json\/wp\/v2\/types\/post"}],"author":[{"embeddable":true,"href":"http:\/\/noticiastelered.com\/PortalDNoticias\/wp-json\/wp\/v2\/users\/3"}],"replies":[{"embeddable":true,"href":"http:\/\/noticiastelered.com\/PortalDNoticias\/wp-json\/wp\/v2\/comments?post=35892"}],"version-history":[{"count":1,"href":"http:\/\/noticiastelered.com\/PortalDNoticias\/wp-json\/wp\/v2\/posts\/35892\/revisions"}],"predecessor-version":[{"id":35895,"href":"http:\/\/noticiastelered.com\/PortalDNoticias\/wp-json\/wp\/v2\/posts\/35892\/revisions\/35895"}],"wp:featuredmedia":[{"embeddable":true,"href":"http:\/\/noticiastelered.com\/PortalDNoticias\/wp-json\/wp\/v2\/media\/35894"}],"wp:attachment":[{"href":"http:\/\/noticiastelered.com\/PortalDNoticias\/wp-json\/wp\/v2\/media?parent=35892"}],"wp:term":[{"taxonomy":"category","embeddable":true,"href":"http:\/\/noticiastelered.com\/PortalDNoticias\/wp-json\/wp\/v2\/categories?post=35892"},{"taxonomy":"post_tag","embeddable":true,"href":"http:\/\/noticiastelered.com\/PortalDNoticias\/wp-json\/wp\/v2\/tags?post=35892"}],"curies":[{"name":"wp","href":"https:\/\/api.w.org\/{rel}","templated":true}]}}