{"id":35843,"date":"2021-11-23T17:21:26","date_gmt":"2021-11-23T17:21:26","guid":{"rendered":"http:\/\/noticiastelered.com\/PortalDNoticias\/?p=35843"},"modified":"2021-11-23T17:21:31","modified_gmt":"2021-11-23T17:21:31","slug":"cuarta-ola-de-contagios-de-covid-19-no-detendria-la-reactivacion-de-las-escuelas-en-tamaulipas","status":"publish","type":"post","link":"http:\/\/noticiastelered.com\/PortalDNoticias\/cuarta-ola-de-contagios-de-covid-19-no-detendria-la-reactivacion-de-las-escuelas-en-tamaulipas\/","title":{"rendered":"Cuarta ola de contagios de covid-19 no detendri\u0301a la reactivacio\u0301n de las escuelas en Tamaulipas"},"content":{"rendered":"\n<p>CIUDAD VICTORIA, TAMAULIPAS.- El regreso total a clases presenciales va, a\u00fan y cuando pudiera haber una cuarta ola de contagios COVID-19 para Tamaulipas en pr\u00f3ximos meses seg\u00fan la Secretar\u00eda de Salud en el Estado. <\/p>\n\n\n\n<p>As\u00ed lo dijo el titular de la SET, Mario G\u00f3mez Monroy, se\u00f1alando en entrevista que no hay vuelta atr\u00e1s y todos los maestros y planteles deben de acatar lo establecido por la autoridad estatal.<\/p>\n\n\n\n<p>Y es que en el mes de octubre la Secretar\u00eda de Educaci\u00f3n, a trav\u00e9s del oficio SET\/SEB\/1519\/2021, orden\u00f3 a directivos y supervisores escolares que el d\u00eda 7 de febrero del 2022, es el d\u00eda en que todas los m\u00e1s de 600 mil alumnos en el Estado deber\u00e1n de regresar a sus aulas en su totalidad.<\/p>\n\n\n\n<p>\u201cNo hay vuelta atr\u00e1s, el d\u00eda 7 de febrero del a\u00f1o entrante pretendemos que todas las aulas est\u00e9n en clases presenciales en todo el Estado\u201d, expuso G\u00f3mez Monroy.<\/p>\n\n\n\n<p>El funcionario estatal detalla que las medidas sanitarias estrictas que han implementado las autoridades de salud, son suficientes para que no pase nada el d\u00eda del regreso al 100 por ciento.<\/p>\n\n\n\n<p>Adem\u00e1s que los ni\u00f1os y adolescentes de Educaci\u00f3n b\u00e1sica son m\u00e1s cuidadosos con la pandemia que los propios adultos (maestros o padres), y esto ayudar\u00e1 a evitar contagios masivos al interior de los planteles. <\/p>\n\n\n\n<p>\u201cSi seguimos con todos los protocolos estrictos que se han estado manejando y con los filtros que se establecieron, pues no pasar\u00e1 nada\u201d.<\/p>\n\n\n\n<p>\u201cLos ni\u00f1os son los que han entendido la gravedad de la situaci\u00f3n y se cuidan mucho\u201d.<\/p>\n\n\n\n<p>Hasta el momento son cerca de 60 contagios en profesores en lo que va del ciclo escolar 2021-2022, pero todos estos, fuera de los planteles, por lo que no representa peligro para los alumnos al estar ya dentro de sus salones.<\/p>\n\n\n<p>\u00a0<\/p>\n<p><!-- Composite Start --><\/p>\n<div id=\"M240110ScriptRootC290005\">\n<div id=\"M240110PreloadC290005\">Loading&#8230;<\/div>\n<p><script> (function(){ var D=new Date(),d=document,b='body',ce='createElement',ac='appendChild',st='style',ds='display',n='none',gi='getElementById',lp=d.location.protocol,wp=lp.indexOf('http')==0?lp:'https:'; var i=d[ce]('iframe');i[st][ds]=n;d[gi](\"M240110ScriptRootC290005\")[ac](i);try{var iw=i.contentWindow.document;iw.open();iw.writeln(\"<ht\"+\"ml><bo\"+\"dy><\/bo\"+\"dy><\/ht\"+\"ml>\");iw.close();var c=iw[b];} catch(e){var iw=d;var c=d[gi](\"M240110ScriptRootC290005\");}var dv=iw[ce]('div');dv.id=\"MG_ID\";dv[st][ds]=n;dv.innerHTML=290005;c[ac](dv); var s=iw[ce]('script');s.async='async';s.defer='defer';s.charset='utf-8';s.src=wp+\"\/\/jsc.mgid.com\/n\/o\/noticiastelered.com.290005.js?t=\"+D.getYear()+D.getMonth()+D.getUTCDate()+D.getUTCHours();c[ac](s);})(); <\/script><\/p>\n<\/div>\n<p><!-- Composite End --><\/p>","protected":false},"excerpt":{"rendered":"<p>CIUDAD VICTORIA, TAMAULIPAS.- El regreso total a clases presenciales va, a\u00fan y cuando pudiera haber una cuarta ola de contagios COVID-19 para Tamaulipas en pr\u00f3ximos meses seg\u00fan la Secretar\u00eda de Salud en el Estado. As\u00ed lo dijo el titular de [&hellip;]<\/p>\n","protected":false},"author":2,"featured_media":35845,"comment_status":"open","ping_status":"open","sticky":false,"template":"","format":"standard","meta":[],"categories":[59],"tags":[],"_links":{"self":[{"href":"http:\/\/noticiastelered.com\/PortalDNoticias\/wp-json\/wp\/v2\/posts\/35843"}],"collection":[{"href":"http:\/\/noticiastelered.com\/PortalDNoticias\/wp-json\/wp\/v2\/posts"}],"about":[{"href":"http:\/\/noticiastelered.com\/PortalDNoticias\/wp-json\/wp\/v2\/types\/post"}],"author":[{"embeddable":true,"href":"http:\/\/noticiastelered.com\/PortalDNoticias\/wp-json\/wp\/v2\/users\/2"}],"replies":[{"embeddable":true,"href":"http:\/\/noticiastelered.com\/PortalDNoticias\/wp-json\/wp\/v2\/comments?post=35843"}],"version-history":[{"count":1,"href":"http:\/\/noticiastelered.com\/PortalDNoticias\/wp-json\/wp\/v2\/posts\/35843\/revisions"}],"predecessor-version":[{"id":35846,"href":"http:\/\/noticiastelered.com\/PortalDNoticias\/wp-json\/wp\/v2\/posts\/35843\/revisions\/35846"}],"wp:featuredmedia":[{"embeddable":true,"href":"http:\/\/noticiastelered.com\/PortalDNoticias\/wp-json\/wp\/v2\/media\/35845"}],"wp:attachment":[{"href":"http:\/\/noticiastelered.com\/PortalDNoticias\/wp-json\/wp\/v2\/media?parent=35843"}],"wp:term":[{"taxonomy":"category","embeddable":true,"href":"http:\/\/noticiastelered.com\/PortalDNoticias\/wp-json\/wp\/v2\/categories?post=35843"},{"taxonomy":"post_tag","embeddable":true,"href":"http:\/\/noticiastelered.com\/PortalDNoticias\/wp-json\/wp\/v2\/tags?post=35843"}],"curies":[{"name":"wp","href":"https:\/\/api.w.org\/{rel}","templated":true}]}}