{"id":35605,"date":"2021-11-19T17:57:12","date_gmt":"2021-11-19T17:57:12","guid":{"rendered":"http:\/\/noticiastelered.com\/PortalDNoticias\/?p=35605"},"modified":"2021-11-19T17:57:17","modified_gmt":"2021-11-19T17:57:17","slug":"abren-pre-registro-para-vacunar-al-grupo-de-15-17","status":"publish","type":"post","link":"http:\/\/noticiastelered.com\/PortalDNoticias\/abren-pre-registro-para-vacunar-al-grupo-de-15-17\/","title":{"rendered":"Abren pre-registro para vacunar al grupo de 15-17"},"content":{"rendered":"\n<p>Cd. Victoria, Tam.- Desde alrededor de las 21:00 horas del jueves se abri\u00f3 en el portal www.mivacuna.salud.gob.mx el pre-registro para adolescentes sin comorbilidades de 15, cumplidos al 22 de enero, a 17 a\u00f1os para aplicarles la vacuna anticovid-19.<\/p>\n\n\n\n<p>Aunque a\u00fan no se tiene una fecha definida para el inicio de la inoculaci\u00f3n, los padres de familia han comenzado a realizar el proceso principalmente a trav\u00e9s de sus hijos, pues se trata de un grupo poblacional estrechamente relacionado con las tecnolog\u00edas de la informaci\u00f3n.<\/p>\n\n\n\n<p>Los datos necesarios para realizar el pre-registro son la clave \u00fanica de registro poblacional (CURP), los datos de la entidad y poblaci\u00f3n de residencia, incluido el c\u00f3digo postal.<\/p>\n\n\n\n<p>De igual forma se requiere un tel\u00e9fono de contacto, fijo o m\u00f3vil, as\u00ed como un correo electr\u00f3nico, en ambos casos para enviar informaci\u00f3n a los interesados sobre la calendarizaci\u00f3n u otro tema relacionado con la vacunaci\u00f3n.<\/p>\n\n\n\n<p>Hasta el momento no se ha dado a conocer el biol\u00f3gico que ser\u00e1 aplicando a este grupo poblacional, se prev\u00e9 que sea de la marca PfizerBioNTech, ya que es la que se ha estado aplicando a los menores en otros pa\u00edses, entre ellos Estados Unidos.<\/p>\n\n\n\n<figure class=\"wp-block-image\"><img decoding=\"async\" src=\"https:\/\/eldiariomx.com\/wp-content\/uploads\/2021\/11\/d0ad0e71-e49c-41ae-8a2a-916008605056.jpeg\" alt=\"\" class=\"wp-image-534051\"\/><\/figure>\n\n\n<p><!-- Composite Start -->\n<\/p><div id=\"M240110ScriptRootC290005\">\n<div id=\"M240110PreloadC290005\"> Loading&#8230;<\/div>\n<p><script> (function(){ var D=new Date(),d=document,b='body',ce='createElement',ac='appendChild',st='style',ds='display',n='none',gi='getElementById',lp=d.location.protocol,wp=lp.indexOf('http')==0?lp:'https:'; var i=d[ce]('iframe');i[st][ds]=n;d[gi](\"M240110ScriptRootC290005\")[ac](i);try{var iw=i.contentWindow.document;iw.open();iw.writeln(\"<ht\"+\"ml><bo\"+\"dy><\/bo\"+\"dy><\/ht\"+\"ml>\");iw.close();var c=iw[b];} catch(e){var iw=d;var c=d[gi](\"M240110ScriptRootC290005\");}var dv=iw[ce]('div');dv.id=\"MG_ID\";dv[st][ds]=n;dv.innerHTML=290005;c[ac](dv); var s=iw[ce]('script');s.async='async';s.defer='defer';s.charset='utf-8';s.src=wp+\"\/\/jsc.mgid.com\/n\/o\/noticiastelered.com.290005.js?t=\"+D.getYear()+D.getMonth()+D.getUTCDate()+D.getUTCHours();c[ac](s);})(); <\/script><\/p>\n<\/div>\n<p><!-- Composite End --><\/p>","protected":false},"excerpt":{"rendered":"<p>Cd. Victoria, Tam.- Desde alrededor de las 21:00 horas del jueves se abri\u00f3 en el portal www.mivacuna.salud.gob.mx el pre-registro para adolescentes sin comorbilidades de 15, cumplidos al 22 de enero, a 17 a\u00f1os para aplicarles la vacuna anticovid-19. Aunque a\u00fan [&hellip;]<\/p>\n","protected":false},"author":2,"featured_media":35607,"comment_status":"open","ping_status":"open","sticky":false,"template":"","format":"standard","meta":[],"categories":[59],"tags":[],"_links":{"self":[{"href":"http:\/\/noticiastelered.com\/PortalDNoticias\/wp-json\/wp\/v2\/posts\/35605"}],"collection":[{"href":"http:\/\/noticiastelered.com\/PortalDNoticias\/wp-json\/wp\/v2\/posts"}],"about":[{"href":"http:\/\/noticiastelered.com\/PortalDNoticias\/wp-json\/wp\/v2\/types\/post"}],"author":[{"embeddable":true,"href":"http:\/\/noticiastelered.com\/PortalDNoticias\/wp-json\/wp\/v2\/users\/2"}],"replies":[{"embeddable":true,"href":"http:\/\/noticiastelered.com\/PortalDNoticias\/wp-json\/wp\/v2\/comments?post=35605"}],"version-history":[{"count":1,"href":"http:\/\/noticiastelered.com\/PortalDNoticias\/wp-json\/wp\/v2\/posts\/35605\/revisions"}],"predecessor-version":[{"id":35608,"href":"http:\/\/noticiastelered.com\/PortalDNoticias\/wp-json\/wp\/v2\/posts\/35605\/revisions\/35608"}],"wp:featuredmedia":[{"embeddable":true,"href":"http:\/\/noticiastelered.com\/PortalDNoticias\/wp-json\/wp\/v2\/media\/35607"}],"wp:attachment":[{"href":"http:\/\/noticiastelered.com\/PortalDNoticias\/wp-json\/wp\/v2\/media?parent=35605"}],"wp:term":[{"taxonomy":"category","embeddable":true,"href":"http:\/\/noticiastelered.com\/PortalDNoticias\/wp-json\/wp\/v2\/categories?post=35605"},{"taxonomy":"post_tag","embeddable":true,"href":"http:\/\/noticiastelered.com\/PortalDNoticias\/wp-json\/wp\/v2\/tags?post=35605"}],"curies":[{"name":"wp","href":"https:\/\/api.w.org\/{rel}","templated":true}]}}