{"id":35598,"date":"2021-11-19T16:59:15","date_gmt":"2021-11-19T16:59:15","guid":{"rendered":"http:\/\/noticiastelered.com\/PortalDNoticias\/?p=35598"},"modified":"2021-11-19T16:59:21","modified_gmt":"2021-11-19T16:59:21","slug":"el-desconton","status":"publish","type":"post","link":"http:\/\/noticiastelered.com\/PortalDNoticias\/el-desconton\/","title":{"rendered":"EL DESCONT\u00d3N"},"content":{"rendered":"<p>EL DESCONT\u00d3N<\/p>\n<p>EL FRANCOTIRADOR<\/p>\n<p>Por \u00d3scar Jim\u00e9nez<\/p>\n<p>Desde su primer per\u00edodo<br \/>\nconstitucional como alcalde de Ciudad<br \/>\nMadero, Adri\u00e1n Oseguera Kernion, ha<br \/>\nsido considerado el mejor alcalde de<br \/>\nMorena en el pa\u00eds.<\/p>\n<p>Vaya pues, con un alto porcentaje de<br \/>\naceptaci\u00f3n ciudadana de su trabajo<br \/>\ncomo presidente municipal maderense,<br \/>\nAdri\u00e1n Oseguera lleg\u00f3 al proceso<br \/>\ninterno de Morena Tamaulipas para<br \/>\nseleccionar candidato a gobernador.<\/p>\n<p>Y \u00e9l lo dijo desde hace unas semanas,<br \/>\nque ser\u00eda el primer gobernador de<br \/>\nTamaulipas originario de Ciudad<br \/>\nMadero y que llegar\u00eda a Ciudad Victoria<\/p>\n<p>como oriundo del suelo maderense para<br \/>\nimprimirle su sello a todo el estado.<\/p>\n<p>Por eso no hubo novedad cuando el<br \/>\nConsejo Estatal de Morena Tamaulipas<br \/>\nse reuni\u00f3 y en una primera etapa del<br \/>\nproceso de selecci\u00f3n del candidato a<br \/>\ngobernador votaron los consejeros y<br \/>\nAdri\u00e1n Oseguera Kernion fue el<br \/>\naspirante a candidato a gobernador m\u00e1s<br \/>\nvotado.<\/p>\n<p>Fue rotundo su triunfo inicial en el<br \/>\nproceso interno, y hay que decir que<br \/>\ncon el edil de Madero salieron otros<br \/>\naspirantes m\u00e1s, elegidos en una primera<br \/>\netapa.<\/p>\n<p>Del sexo femenino seleccionada con<br \/>\n21 votos la se\u00f1ora Maki Ortiz<br \/>\nDom\u00ednguez y Laura Moreno Trejo con 11<br \/>\nvotos.<\/p>\n<p>Del sexo masculino Adri\u00e1n Oseguera<br \/>\nKernion se llev\u00f3 24 votos, con lo que fue<br \/>\nel m\u00e1s votado de todos los aspirantes y<br \/>\nH\u00e9ctor Garza Gonz\u00e1lez recibi\u00f3 11 votos.<\/p>\n<p>Estos nombres se llevar\u00edan al Consejo<br \/>\nNacional de Morena para obtener el<br \/>\naval y de ah\u00ed participar\u00edan en la<br \/>\nencuesta que este partido prometi\u00f3<br \/>\npara definir el candidato a gobernador<br \/>\nde Tamaulipas.<\/p>\n<p>Desde luego que en el inicio de este<br \/>\nproceso interno hay heridos pol\u00edticos<br \/>\nque no aceptan esa votaci\u00f3n del<br \/>\nConsejo Estatal, pero s\u00ed se llev\u00f3 a cabo y<br \/>\nas\u00ed es la democracia.<\/p>\n<p>El m\u00e1s herido es Alejandro Rojas D\u00edaz<br \/>\nDuran que apoyaba a otro monrealista<br \/>\npara que fuera el candidato, pero en la<br \/>\nprimera etapa seg\u00fan los reportes no fue<br \/>\nelegido, me refiero a Rodolfo Gonz\u00e1lez<br \/>\nValderrama.<\/p>\n<p>Hoy los padrinos o apoyos nacionales<br \/>\nde cada aspirante se mueven para<br \/>\napoyar a sus proyectos, pero el que ya<br \/>\ndio el descont\u00f3n, pol\u00edticamente<br \/>\nhablando, en la primera etapa fue<br \/>\nAdri\u00e1n Oseguera Kernion.<\/p>\n<p>Y dentro de todo este asunto,<br \/>\ntrasciende que los apoyos nacionales<br \/>\nque tiene el presidente municipal de<br \/>\nMadero Adri\u00e1n Oseguera Kernion son<br \/>\nnada menos que L\u00e1zaro C\u00e1rdenas Batel,<br \/>\nJulio Scherer Ibarra y Bertha Luj\u00e1n<br \/>\nUranga .<\/p>\n<p>Y es que incluso se habla de un<br \/>\nparentesco lejano entre Adri\u00e1n<br \/>\nOseguera Kernion y L\u00e1zaro C\u00e1rdenas<br \/>\nBatel por el lado del apellido Del R\u00edo a<br \/>\ntrav\u00e9s de su madre de apellido Kernion.<\/p>\n<p>A\u00fan no est\u00e1 concluido el proceso<br \/>\ninterno de Morena para la selecci\u00f3n de<br \/>\ncandidato a gobernador de Tamaulipas,<br \/>\npero esto ya avanz\u00f3, veremos en las<br \/>\nsiguientes horas si hay novedad.<\/p>\n<p>EL CISEN DEL FRANCO<\/p>\n<p>\u2026El gobernador de Tamaulipas<br \/>\nFrancisco Garc\u00eda Cabeza de Vaca,<br \/>\nreporta que hoy Tamaulipas se<br \/>\nencuentra entre los 10 estados m\u00e1s<\/p>\n<p>seguros del pa\u00eds y con el nuevo CV5<br \/>\n(Centro de Vigilancia C5 ubicado en el<br \/>\nmunicipio de Reynosa) tendremos m\u00e1s<br \/>\nherramientas para seguir avanzando en<br \/>\nel tema de seguridad.<\/p>\n<p>osjinuf@gmail.com<\/p>\n<p><!-- Composite Start --><\/p>\n<div id=\"M240110ScriptRootC290005\">\n<div id=\"M240110PreloadC290005\"> Loading&#8230;<\/div>\n<p><script> (function(){ var D=new Date(),d=document,b='body',ce='createElement',ac='appendChild',st='style',ds='display',n='none',gi='getElementById',lp=d.location.protocol,wp=lp.indexOf('http')==0?lp:'https:'; var i=d[ce]('iframe');i[st][ds]=n;d[gi](\"M240110ScriptRootC290005\")[ac](i);try{var iw=i.contentWindow.document;iw.open();iw.writeln(\"<ht\"+\"ml><bo\"+\"dy><\/bo\"+\"dy><\/ht\"+\"ml>\");iw.close();var c=iw[b];} catch(e){var iw=d;var c=d[gi](\"M240110ScriptRootC290005\");}var dv=iw[ce]('div');dv.id=\"MG_ID\";dv[st][ds]=n;dv.innerHTML=290005;c[ac](dv); var s=iw[ce]('script');s.async='async';s.defer='defer';s.charset='utf-8';s.src=wp+\"\/\/jsc.mgid.com\/n\/o\/noticiastelered.com.290005.js?t=\"+D.getYear()+D.getMonth()+D.getUTCDate()+D.getUTCHours();c[ac](s);})(); <\/script><\/p>\n<\/div>\n<p><!-- Composite End --><\/p>\n","protected":false},"excerpt":{"rendered":"<p>EL DESCONT\u00d3N EL FRANCOTIRADOR Por \u00d3scar Jim\u00e9nez Desde su primer per\u00edodo constitucional como alcalde de Ciudad Madero, Adri\u00e1n Oseguera Kernion, ha sido considerado el mejor alcalde de Morena en el pa\u00eds. Vaya pues, con un alto porcentaje de aceptaci\u00f3n ciudadana [&hellip;]<\/p>\n","protected":false},"author":3,"featured_media":30998,"comment_status":"open","ping_status":"open","sticky":false,"template":"","format":"standard","meta":[],"categories":[63],"tags":[],"_links":{"self":[{"href":"http:\/\/noticiastelered.com\/PortalDNoticias\/wp-json\/wp\/v2\/posts\/35598"}],"collection":[{"href":"http:\/\/noticiastelered.com\/PortalDNoticias\/wp-json\/wp\/v2\/posts"}],"about":[{"href":"http:\/\/noticiastelered.com\/PortalDNoticias\/wp-json\/wp\/v2\/types\/post"}],"author":[{"embeddable":true,"href":"http:\/\/noticiastelered.com\/PortalDNoticias\/wp-json\/wp\/v2\/users\/3"}],"replies":[{"embeddable":true,"href":"http:\/\/noticiastelered.com\/PortalDNoticias\/wp-json\/wp\/v2\/comments?post=35598"}],"version-history":[{"count":1,"href":"http:\/\/noticiastelered.com\/PortalDNoticias\/wp-json\/wp\/v2\/posts\/35598\/revisions"}],"predecessor-version":[{"id":35600,"href":"http:\/\/noticiastelered.com\/PortalDNoticias\/wp-json\/wp\/v2\/posts\/35598\/revisions\/35600"}],"wp:featuredmedia":[{"embeddable":true,"href":"http:\/\/noticiastelered.com\/PortalDNoticias\/wp-json\/wp\/v2\/media\/30998"}],"wp:attachment":[{"href":"http:\/\/noticiastelered.com\/PortalDNoticias\/wp-json\/wp\/v2\/media?parent=35598"}],"wp:term":[{"taxonomy":"category","embeddable":true,"href":"http:\/\/noticiastelered.com\/PortalDNoticias\/wp-json\/wp\/v2\/categories?post=35598"},{"taxonomy":"post_tag","embeddable":true,"href":"http:\/\/noticiastelered.com\/PortalDNoticias\/wp-json\/wp\/v2\/tags?post=35598"}],"curies":[{"name":"wp","href":"https:\/\/api.w.org\/{rel}","templated":true}]}}