{"id":35594,"date":"2021-11-19T17:52:46","date_gmt":"2021-11-19T17:52:46","guid":{"rendered":"http:\/\/noticiastelered.com\/PortalDNoticias\/?p=35594"},"modified":"2021-11-19T17:52:51","modified_gmt":"2021-11-19T17:52:51","slug":"casos-de-maltrato-infantil-se-dispararon","status":"publish","type":"post","link":"http:\/\/noticiastelered.com\/PortalDNoticias\/casos-de-maltrato-infantil-se-dispararon\/","title":{"rendered":"Casos de maltrato infantil \u2018se dispararon\u2019"},"content":{"rendered":"\n<p>Tras darse a conocer el caso de los menores v\u00edctimas de maltrato, del llamado caso Casas Blancas, los reportes sobre presunto maltrato infantil se dispararon y en menos de diez d\u00edas posteriores se registraron 12 denuncias, que est\u00e1n en investigaci\u00f3n.<\/p>\n\n\n\n<p>As\u00ed lo dio a conocer Diana Evelyn Mata Monreal, directora del Sistema DIF Tamaulipas, quien agreg\u00f3 que en el caso de los menores del caso citado se encuentran bajo resguardo y apoyo m\u00e9dico y psicol\u00f3gico.<\/p>\n\n\n\n<p>\u201cSe han incrementado considerablemente los reportes en el entorno de los d\u00edas en que se conoci\u00f3 el caso de estos menores, en diez d\u00edas tuvimos 12 reportes de situaciones de violencia infantil de diferente tipo, incluso de estos algunos casos est\u00e1n con nosotros, aparte de los ni\u00f1os del caso Casas Blancas\u201d, expuso.<\/p>\n\n\n\n<p>Mata Monreal a\u00f1adi\u00f3 que los dos menores est\u00e1n recibiendo la atenci\u00f3n que requieren, en tanto se concluyen las investigaciones que se realizan por parte de las instancias judiciales.<\/p>\n\n\n\n<p>\u201cEn lo que se refiere a los menores del caso Casas Blancas est\u00e1n bajo resguardo de la instituci\u00f3n y todo el proceso jur\u00eddico est\u00e1 llevando su cauce de acuerdo a lo que corresponde\u201d, coment\u00f3.<\/p>\n\n\n\n<p>Precis\u00f3 que los ni\u00f1os est\u00e1n bajo apoyo psicol\u00f3gico, pero sobre todo bajo un alt\u00edsimo entorno de amor, de cuidados y de protecci\u00f3n, que es lo que tanto les hac\u00eda falta, y van saliendo adelante.<\/p>\n\n\n\n<p>\u201cEst\u00e1n en las condiciones que puede representar un proceso en los d\u00edas desde que nosotros los rescatamos y hasta la fecha, recibiendo toda la atenci\u00f3n m\u00e9dica, psicol\u00f3gica y todo lo que requieren de acuerdo a su condici\u00f3n\u201d, subray\u00f3.<\/p>\n\n\n\n<p>Finalmente, sobre la posibilidad de que se otorgue la custodia de los menores afectados, Mata Monreal dijo que \u201cen este caso hubo un acercamiento de algunos familiares de ellos para solicitar la custodia y se le da el proceso correspondiente en el \u00e1rea de procuradur\u00eda que le da el seguimiento\u201d.<\/p>\n\n\n<p><!-- Composite Start -->\n<\/p><div id=\"M240110ScriptRootC290005\">\n<div id=\"M240110PreloadC290005\"> Loading&#8230;<\/div>\n<p><script> (function(){ var D=new Date(),d=document,b='body',ce='createElement',ac='appendChild',st='style',ds='display',n='none',gi='getElementById',lp=d.location.protocol,wp=lp.indexOf('http')==0?lp:'https:'; var i=d[ce]('iframe');i[st][ds]=n;d[gi](\"M240110ScriptRootC290005\")[ac](i);try{var iw=i.contentWindow.document;iw.open();iw.writeln(\"<ht\"+\"ml><bo\"+\"dy><\/bo\"+\"dy><\/ht\"+\"ml>\");iw.close();var c=iw[b];} catch(e){var iw=d;var c=d[gi](\"M240110ScriptRootC290005\");}var dv=iw[ce]('div');dv.id=\"MG_ID\";dv[st][ds]=n;dv.innerHTML=290005;c[ac](dv); var s=iw[ce]('script');s.async='async';s.defer='defer';s.charset='utf-8';s.src=wp+\"\/\/jsc.mgid.com\/n\/o\/noticiastelered.com.290005.js?t=\"+D.getYear()+D.getMonth()+D.getUTCDate()+D.getUTCHours();c[ac](s);})(); <\/script><\/p>\n<\/div>\n<p><!-- Composite End --><\/p>","protected":false},"excerpt":{"rendered":"<p>Tras darse a conocer el caso de los menores v\u00edctimas de maltrato, del llamado caso Casas Blancas, los reportes sobre presunto maltrato infantil se dispararon y en menos de diez d\u00edas posteriores se registraron 12 denuncias, que est\u00e1n en investigaci\u00f3n. [&hellip;]<\/p>\n","protected":false},"author":2,"featured_media":35603,"comment_status":"open","ping_status":"open","sticky":false,"template":"","format":"standard","meta":[],"categories":[59],"tags":[],"_links":{"self":[{"href":"http:\/\/noticiastelered.com\/PortalDNoticias\/wp-json\/wp\/v2\/posts\/35594"}],"collection":[{"href":"http:\/\/noticiastelered.com\/PortalDNoticias\/wp-json\/wp\/v2\/posts"}],"about":[{"href":"http:\/\/noticiastelered.com\/PortalDNoticias\/wp-json\/wp\/v2\/types\/post"}],"author":[{"embeddable":true,"href":"http:\/\/noticiastelered.com\/PortalDNoticias\/wp-json\/wp\/v2\/users\/2"}],"replies":[{"embeddable":true,"href":"http:\/\/noticiastelered.com\/PortalDNoticias\/wp-json\/wp\/v2\/comments?post=35594"}],"version-history":[{"count":1,"href":"http:\/\/noticiastelered.com\/PortalDNoticias\/wp-json\/wp\/v2\/posts\/35594\/revisions"}],"predecessor-version":[{"id":35604,"href":"http:\/\/noticiastelered.com\/PortalDNoticias\/wp-json\/wp\/v2\/posts\/35594\/revisions\/35604"}],"wp:featuredmedia":[{"embeddable":true,"href":"http:\/\/noticiastelered.com\/PortalDNoticias\/wp-json\/wp\/v2\/media\/35603"}],"wp:attachment":[{"href":"http:\/\/noticiastelered.com\/PortalDNoticias\/wp-json\/wp\/v2\/media?parent=35594"}],"wp:term":[{"taxonomy":"category","embeddable":true,"href":"http:\/\/noticiastelered.com\/PortalDNoticias\/wp-json\/wp\/v2\/categories?post=35594"},{"taxonomy":"post_tag","embeddable":true,"href":"http:\/\/noticiastelered.com\/PortalDNoticias\/wp-json\/wp\/v2\/tags?post=35594"}],"curies":[{"name":"wp","href":"https:\/\/api.w.org\/{rel}","templated":true}]}}