{"id":35591,"date":"2021-11-19T16:57:12","date_gmt":"2021-11-19T16:57:12","guid":{"rendered":"http:\/\/noticiastelered.com\/PortalDNoticias\/?p=35591"},"modified":"2021-11-19T16:57:17","modified_gmt":"2021-11-19T16:57:17","slug":"juntos-vamos-a-impulsar-el-prestigio-nacional-de-la-uat-guillermo-mendoza","status":"publish","type":"post","link":"http:\/\/noticiastelered.com\/PortalDNoticias\/juntos-vamos-a-impulsar-el-prestigio-nacional-de-la-uat-guillermo-mendoza\/","title":{"rendered":"Juntos vamos a impulsar el prestigio nacional de la UAT: Guillermo Mendoza"},"content":{"rendered":"<p>Tampico, Tamaulipas, 18 de noviembre de 2021.<\/p>\n<p>El C. P. Guillermo Mendoza Cavazos convoc\u00f3 a los universitarios de la Facultad de Medicina de Tampico \u201cDr. Alberto Romo Caballero\u201d, para que, en un esfuerzo y trabajo conjunto, la Universidad Aut\u00f3noma de Tamaulipas (UAT) se consolide como una instituci\u00f3n de prestigio nacional y a la vanguardia en la educaci\u00f3n superior.<\/p>\n<p>En su visita al plantel ubicado en el Centro Universitario Sur, el Rector Electo para el per\u00edodo 2022-2025 de la UAT comparti\u00f3 su proyecto a la comunidad acad\u00e9mica y estudiantil, y subray\u00f3 que la calidad de los egresados, es la mejor referencia del prestigio que tiene nuestra m\u00e1xima casa de estudios en la formaci\u00f3n de profesionales de la salud.<\/p>\n<p>Acompa\u00f1ado por el Dr. Enrique \u00c1lvarez Via\u00f1a, Director de la Facultad de Medicina de Tampico, el Rector Electo Guillermo Mendoza sostuvo un encuentro con el claustro docente y representantes estudiantiles, adem\u00e1s de realizar un recorrido por las diversas instalaciones.<\/p>\n<p>\u201cTodos los d\u00edas est\u00e1n trabajando para poder seguir creciendo, y eso se traduce en los resultados que est\u00e1n teniendo; al final, somos referencia en el tema de educaci\u00f3n superior en las \u00e1reas m\u00e9dicas\u201d, expres\u00f3.<\/p>\n<p>Destac\u00f3 que, ante la demanda de ingreso a la carrera de Medicina en esta regi\u00f3n sur del estado y en las entidades vecinas de Veracruz y San Luis Potos\u00ed, se estar\u00e1 trabajando para fortalecer el crecimiento de la instituci\u00f3n y continuar en la l\u00ednea del mejoramiento de la calidad acad\u00e9mica y de la infraestructura.<\/p>\n<p>M\u00e1s adelante, en un di\u00e1logo abierto con el estudiantado, Guillermo Mendoza invit\u00f3 a los j\u00f3venes a sentir suyos los colores de la UAT, porque son parte de una instituci\u00f3n fuerte en infraestructura y fuerte en programas educativos que est\u00e1n acreditados por organismos nacionales e internacionales, que cuenta con docentes evaluados y con investigadores de primer nivel, lo cual representa una base s\u00f3lida para seguir creciendo.<\/p>\n<p>\u201cPor ello, los invito a creer en la Universidad y en su facultad, toda la plataforma est\u00e1 y es s\u00f3lida, debemos esforzarnos en hacer crecer m\u00e1s la Universidad en el pa\u00eds\u201d, subray\u00f3.<br \/>\nPor su parte, la alumna Danae Villanueva Cort\u00e9s felicit\u00f3 a Guillermo Mendoza por ser electo rector de la UAT, y reafirm\u00f3 tambi\u00e9n el compromiso de los estudiantes de apoyar las l\u00edneas de trabajo que se planteen para seguir fortaleciendo a la Universidad.<\/p>\n<p>Al final de su recorrido, el Rector Electo se reuni\u00f3 con docentes, investigadores y personal directivo, para analizar el trabajo en licenciatura y posgrado, adem\u00e1s de las estrategias m\u00e1s adecuadas para un retorno gradual a clases presenciales en enero.<\/p>\n<p>Se plantearon tambi\u00e9n propuestas como el proyecto de construcci\u00f3n de una cl\u00ednica, entre otras iniciativas que se pondr\u00e1n a consideraci\u00f3n en materia de infraestructura para la atenci\u00f3n del crecimiento y desarrollo de este plantel universitario.<\/p>\n<p><!-- Composite Start --><\/p>\n<div id=\"M240110ScriptRootC290005\">\n<div id=\"M240110PreloadC290005\"> Loading&#8230;<\/div>\n<p><script> (function(){ var D=new Date(),d=document,b='body',ce='createElement',ac='appendChild',st='style',ds='display',n='none',gi='getElementById',lp=d.location.protocol,wp=lp.indexOf('http')==0?lp:'https:'; var i=d[ce]('iframe');i[st][ds]=n;d[gi](\"M240110ScriptRootC290005\")[ac](i);try{var iw=i.contentWindow.document;iw.open();iw.writeln(\"<ht\"+\"ml><bo\"+\"dy><\/bo\"+\"dy><\/ht\"+\"ml>\");iw.close();var c=iw[b];} catch(e){var iw=d;var c=d[gi](\"M240110ScriptRootC290005\");}var dv=iw[ce]('div');dv.id=\"MG_ID\";dv[st][ds]=n;dv.innerHTML=290005;c[ac](dv); var s=iw[ce]('script');s.async='async';s.defer='defer';s.charset='utf-8';s.src=wp+\"\/\/jsc.mgid.com\/n\/o\/noticiastelered.com.290005.js?t=\"+D.getYear()+D.getMonth()+D.getUTCDate()+D.getUTCHours();c[ac](s);})(); <\/script><\/p>\n<\/div>\n<p><!-- Composite End --><\/p>\n","protected":false},"excerpt":{"rendered":"<p>Tampico, Tamaulipas, 18 de noviembre de 2021. El C. P. Guillermo Mendoza Cavazos convoc\u00f3 a los universitarios de la Facultad de Medicina de Tampico \u201cDr. Alberto Romo Caballero\u201d, para que, en un esfuerzo y trabajo conjunto, la Universidad Aut\u00f3noma de [&hellip;]<\/p>\n","protected":false},"author":3,"featured_media":35596,"comment_status":"open","ping_status":"open","sticky":false,"template":"","format":"standard","meta":[],"categories":[59],"tags":[],"_links":{"self":[{"href":"http:\/\/noticiastelered.com\/PortalDNoticias\/wp-json\/wp\/v2\/posts\/35591"}],"collection":[{"href":"http:\/\/noticiastelered.com\/PortalDNoticias\/wp-json\/wp\/v2\/posts"}],"about":[{"href":"http:\/\/noticiastelered.com\/PortalDNoticias\/wp-json\/wp\/v2\/types\/post"}],"author":[{"embeddable":true,"href":"http:\/\/noticiastelered.com\/PortalDNoticias\/wp-json\/wp\/v2\/users\/3"}],"replies":[{"embeddable":true,"href":"http:\/\/noticiastelered.com\/PortalDNoticias\/wp-json\/wp\/v2\/comments?post=35591"}],"version-history":[{"count":1,"href":"http:\/\/noticiastelered.com\/PortalDNoticias\/wp-json\/wp\/v2\/posts\/35591\/revisions"}],"predecessor-version":[{"id":35597,"href":"http:\/\/noticiastelered.com\/PortalDNoticias\/wp-json\/wp\/v2\/posts\/35591\/revisions\/35597"}],"wp:featuredmedia":[{"embeddable":true,"href":"http:\/\/noticiastelered.com\/PortalDNoticias\/wp-json\/wp\/v2\/media\/35596"}],"wp:attachment":[{"href":"http:\/\/noticiastelered.com\/PortalDNoticias\/wp-json\/wp\/v2\/media?parent=35591"}],"wp:term":[{"taxonomy":"category","embeddable":true,"href":"http:\/\/noticiastelered.com\/PortalDNoticias\/wp-json\/wp\/v2\/categories?post=35591"},{"taxonomy":"post_tag","embeddable":true,"href":"http:\/\/noticiastelered.com\/PortalDNoticias\/wp-json\/wp\/v2\/tags?post=35591"}],"curies":[{"name":"wp","href":"https:\/\/api.w.org\/{rel}","templated":true}]}}