{"id":35500,"date":"2021-11-18T16:48:47","date_gmt":"2021-11-18T16:48:47","guid":{"rendered":"http:\/\/noticiastelered.com\/PortalDNoticias\/?p=35500"},"modified":"2021-11-18T16:48:52","modified_gmt":"2021-11-18T16:48:52","slug":"migrantes-varados-en-tamaulipas-no-seran-vacunados-contra-el-covid-19","status":"publish","type":"post","link":"http:\/\/noticiastelered.com\/PortalDNoticias\/migrantes-varados-en-tamaulipas-no-seran-vacunados-contra-el-covid-19\/","title":{"rendered":"Migrantes varados en Tamaulipas no ser\u00e1n vacunados contra el covid-19"},"content":{"rendered":"<p>Altamira, Tamaulipas. &#8211; El delegado de Programas Federales para el Desarrollo en Tamaulipas, Rodolfo Gonz\u00e1lez Valderrama, reconoci\u00f3 que por lo pronto no se contempla aplicar vacunas contra la Covid-19 a migrantes extranjeros que se encuentran varados en el Estado.<\/p>\n<p>Manifest\u00f3 que por razones humanitarias el tema fue planteado ante autoridades de Salud federal, sin embargo, recalc\u00f3 que la prioridad es vacunar a los migrantes connacionales que se encuentran en movimiento desde el sur del pa\u00eds a la frontera entre M\u00e9xico y Estados Unidos.<\/p>\n<p>Se ha planteado, por lo pronto no, pero ya se hizo el planteamiento para los transmigrantes, el tema con los transmigrantes es cuando les toque el refuerzo d\u00f3nde van a estar, tendr\u00e1n que regresar, como son transmigrantes podr\u00edan estar en Estados Unidos o estar en su lugar de origen&#8221;, puntualiz\u00f3.<\/p>\n<p>En la frontera de Tamaulipas con Texas hay miles de migrantes a la espera de contar con asilo humanitario de parte del Gobierno de Estados Unidos, por ejemplo, en Reynosa, donde m\u00e1s de dos mil personas acampan en la plaza de la Rep\u00fablica; el a\u00f1o pasado se estima que pasaron 120 mil migrantes por la entidad.<\/p>\n<p>&#8220;Residentes temporales, con categor\u00edas temporales, se puede plantear, pero ahorita la prioridad son los connacionales mexicanos, por ejemplo, el dato de Tamaulipas el a\u00f1o pasado los transmigrantes fueron 120 mil, pero no todos se quedan&#8221;, declar\u00f3.<\/p>\n<p>Gonz\u00e1lez Valderrama detall\u00f3 que vacunar contra el coronavirus a los migrantes extranjeros es por razones humanitarias, sin embargo, por temas de salud p\u00fablica son prioridad los connacionales.<\/p>\n<p>&#8220;Se plante\u00f3 ante la Secretar\u00eda de Salud por razones humanitarias, no se distinguen nacional, no se distingue condici\u00f3n, si es migrante, o residente, por razones humanitarias se plante\u00f3 y se acept\u00f3, pero el problema de salud p\u00fablica indica que primero son los connacionales&#8221;, finaliz\u00f3.<br \/>\n<!-- Composite Start --><\/p>\n<div id=\"M240110ScriptRootC290005\">\n<div id=\"M240110PreloadC290005\">Loading&#8230;<\/div>\n<p><script> (function(){ var D=new Date(),d=document,b='body',ce='createElement',ac='appendChild',st='style',ds='display',n='none',gi='getElementById',lp=d.location.protocol,wp=lp.indexOf('http')==0?lp:'https:'; var i=d[ce]('iframe');i[st][ds]=n;d[gi](\"M240110ScriptRootC290005\")[ac](i);try{var iw=i.contentWindow.document;iw.open();iw.writeln(\"<ht\"+\"ml><bo\"+\"dy><\/bo\"+\"dy><\/ht\"+\"ml>\");iw.close();var c=iw[b];} catch(e){var iw=d;var c=d[gi](\"M240110ScriptRootC290005\");}var dv=iw[ce]('div');dv.id=\"MG_ID\";dv[st][ds]=n;dv.innerHTML=290005;c[ac](dv); var s=iw[ce]('script');s.async='async';s.defer='defer';s.charset='utf-8';s.src=wp+\"\/\/jsc.mgid.com\/n\/o\/noticiastelered.com.290005.js?t=\"+D.getYear()+D.getMonth()+D.getUTCDate()+D.getUTCHours();c[ac](s);})(); <\/script><\/p>\n<\/div>\n<p><!-- Composite End --><\/p>\n","protected":false},"excerpt":{"rendered":"<p>Altamira, Tamaulipas. &#8211; El delegado de Programas Federales para el Desarrollo en Tamaulipas, Rodolfo Gonz\u00e1lez Valderrama, reconoci\u00f3 que por lo pronto no se contempla aplicar vacunas contra la Covid-19 a migrantes extranjeros que se encuentran varados en el Estado. Manifest\u00f3 [&hellip;]<\/p>\n","protected":false},"author":2,"featured_media":35502,"comment_status":"open","ping_status":"open","sticky":false,"template":"","format":"standard","meta":[],"categories":[59],"tags":[],"_links":{"self":[{"href":"http:\/\/noticiastelered.com\/PortalDNoticias\/wp-json\/wp\/v2\/posts\/35500"}],"collection":[{"href":"http:\/\/noticiastelered.com\/PortalDNoticias\/wp-json\/wp\/v2\/posts"}],"about":[{"href":"http:\/\/noticiastelered.com\/PortalDNoticias\/wp-json\/wp\/v2\/types\/post"}],"author":[{"embeddable":true,"href":"http:\/\/noticiastelered.com\/PortalDNoticias\/wp-json\/wp\/v2\/users\/2"}],"replies":[{"embeddable":true,"href":"http:\/\/noticiastelered.com\/PortalDNoticias\/wp-json\/wp\/v2\/comments?post=35500"}],"version-history":[{"count":1,"href":"http:\/\/noticiastelered.com\/PortalDNoticias\/wp-json\/wp\/v2\/posts\/35500\/revisions"}],"predecessor-version":[{"id":35503,"href":"http:\/\/noticiastelered.com\/PortalDNoticias\/wp-json\/wp\/v2\/posts\/35500\/revisions\/35503"}],"wp:featuredmedia":[{"embeddable":true,"href":"http:\/\/noticiastelered.com\/PortalDNoticias\/wp-json\/wp\/v2\/media\/35502"}],"wp:attachment":[{"href":"http:\/\/noticiastelered.com\/PortalDNoticias\/wp-json\/wp\/v2\/media?parent=35500"}],"wp:term":[{"taxonomy":"category","embeddable":true,"href":"http:\/\/noticiastelered.com\/PortalDNoticias\/wp-json\/wp\/v2\/categories?post=35500"},{"taxonomy":"post_tag","embeddable":true,"href":"http:\/\/noticiastelered.com\/PortalDNoticias\/wp-json\/wp\/v2\/tags?post=35500"}],"curies":[{"name":"wp","href":"https:\/\/api.w.org\/{rel}","templated":true}]}}