{"id":35487,"date":"2021-11-18T16:16:44","date_gmt":"2021-11-18T16:16:44","guid":{"rendered":"http:\/\/noticiastelered.com\/PortalDNoticias\/?p=35487"},"modified":"2021-11-18T16:16:47","modified_gmt":"2021-11-18T16:16:47","slug":"aprueba-chucho-nader-posible-alianza-partidista-para-elecciones-de-2022","status":"publish","type":"post","link":"http:\/\/noticiastelered.com\/PortalDNoticias\/aprueba-chucho-nader-posible-alianza-partidista-para-elecciones-de-2022\/","title":{"rendered":"Aprueba Chucho Nader posible alianza partidista para elecciones de 2022"},"content":{"rendered":"\n<p>El alcalde de Tampico Jes\u00fas Nader, dijo estar de acuerdo en\nque se forme una alianza partidista y ser competitivos el pr\u00f3ximo a\u00f1o, cuando\nse vivan las elecciones rumbo a la gubernatura de Tamaulipas, de la que asegur\u00f3\nser\u00e1 el candidato, y el mejor que representar\u00e1 al Partido Acci\u00f3n Nacional, y\nque para ello, se est\u00e1 preparando. <\/p>\n\n\n\n<p>\u201cYo s\u00e9 que voy a ser el mejor, me estoy preparando; estamos\na favor de que se form\u00e9 una coalici\u00f3n, y si Dios, con lo mejor de cada uno de\nellos, los liderazgos sobre todo para ser competitivos en el pr\u00f3ximo a\u00f1o\u201d.<\/p>\n\n\n\n<p>&nbsp;Incluso afirm\u00f3 que\nlos que aspiran a este puesto de elecci\u00f3n popular, ser\u00e1n quienes le levanten la\nmano en el 2022, lo que har\u00e1n con mucho gusto. <\/p>\n\n\n\n<p>De esta manera, se\u00f1al\u00f3 que trabajar\u00e1 bajo estas condiciones\nde darse una coalici\u00f3n, ser con ello, un contrincante fuerte. <\/p>\n\n\n\n<p>Mencion\u00f3 que la mira la tiene puesta en el pr\u00f3ximo a\u00f1o\nelectoral, y que en diciembre, el PAN definir\u00e1 a su candidato. <\/p>\n\n\n\n<p>&#8220;Para el mes de diciembre se debe definir, est\u00e1n\nevaluando que sea por parte de los partidos de coalici\u00f3n que se saquen\nencuestas; si Dios quiere, ellos dos me van a tener que levantar la mano en el\n2022 y lo har\u00e1n con mucho gusto&#8221;, dijo. <\/p>\n\n\n\n<p>Chucho Nader, hizo estas declaraciones despu\u00e9s de inaugurar\nuna pavimentaci\u00f3n en la Calle Plutarco El\u00edas Calles, en la Colonia Las Torres,\nen la zona norte de la ciudad, donde invirtieron un recurso de 800 mil pesos,\nque incluy\u00f3 banquetas y guarniciones, siendo una de las principales demandas de\nparte de sus residentes, con lo que buscan abatir el rezago en materia de\ninfraestructura, destac\u00f3. <\/p>\n\n\n\n<p>Coment\u00f3 en entrevista que su visita a la frontera chica fue\nm\u00e1s que aceptada, y que la promoci\u00f3n en favor de la ciudad porte\u00f1a, es un\n\u00e9xito.<\/p>\n\n\n\n<p>&nbsp;\u201cEllos tienen mucha\ninfluencia con la frontera con Texas, y por donde quiera se platica de Tampico,\nporque es la ciudad que est\u00e1 de moda, y eso me motiva a seguir impulsando los\nproyectos de Tampico\u201d, mencion\u00f3.<\/p>\n\n\n\n<p>&nbsp;Por ello, reiter\u00f3 que\nes un personaje que tiene la gran oportunidad de lograr la candidatura a la\ngubernatura por Tamaulipas, que lo respalda la experiencia y la fuerza para\nresaltar al estado, como lo viene haciendo desde la alcald\u00eda porte\u00f1a. <\/p>\n\n\n\n<p>\u201cEstoy cada vez m\u00e1s entusiasmado, y sobre todo que seguir\u00e9\nrecorriendo todos los rincones de Tamaulipas, porque la mira la traemos en el\n2022\u201d, insisti\u00f3. <\/p>\n\n\n\n<p>Asimismo, record\u00f3 que una de las ventajas que lo hacen\ncandidato id\u00f3neo, es que fue en este distrito, donde el PAN se llev\u00f3 carro\ncompleto, en la presidencia municipal, diputaciones federales y locales,\ndurante el pasado proceso electoral 2021. <\/p>\n\n\n\n<p>\u201cLa gente nos refrend\u00f3 esa aprobaci\u00f3n, ese triunfo, ahora en\nlas elecciones del 2021, sobre todo de que lo hicimos de manera contundente,\nfuimos el \u00fanico distrito que sacamos el carro completo, diputaciones locales,\ndiputaciones federales y presidencia municipal, y en el 2019\u201d, expres\u00f3. <\/p>\n\n\n\n<p>Finalmente, expres\u00f3 que aquellos que aspiran como \u00e9l al\npuesto de elecci\u00f3n popular, tendr\u00e1n que reconocer en el 2022, que estar\u00e1n bien\nrepresentados. <\/p>\n\n\n<p><!-- Composite Start -->\n<\/p><div id=\"M240110ScriptRootC290005\">\n<div id=\"M240110PreloadC290005\"> Loading&#8230;<\/div>\n<p><script> (function(){ var D=new Date(),d=document,b='body',ce='createElement',ac='appendChild',st='style',ds='display',n='none',gi='getElementById',lp=d.location.protocol,wp=lp.indexOf('http')==0?lp:'https:'; var i=d[ce]('iframe');i[st][ds]=n;d[gi](\"M240110ScriptRootC290005\")[ac](i);try{var iw=i.contentWindow.document;iw.open();iw.writeln(\"<ht\"+\"ml><bo\"+\"dy><\/bo\"+\"dy><\/ht\"+\"ml>\");iw.close();var c=iw[b];} catch(e){var iw=d;var c=d[gi](\"M240110ScriptRootC290005\");}var dv=iw[ce]('div');dv.id=\"MG_ID\";dv[st][ds]=n;dv.innerHTML=290005;c[ac](dv); var s=iw[ce]('script');s.async='async';s.defer='defer';s.charset='utf-8';s.src=wp+\"\/\/jsc.mgid.com\/n\/o\/noticiastelered.com.290005.js?t=\"+D.getYear()+D.getMonth()+D.getUTCDate()+D.getUTCHours();c[ac](s);})(); <\/script><\/p>\n<\/div>\n<p><!-- Composite End --><\/p>","protected":false},"excerpt":{"rendered":"<p>El alcalde de Tampico Jes\u00fas Nader, dijo estar de acuerdo en que se forme una alianza partidista y ser competitivos el pr\u00f3ximo a\u00f1o, cuando se vivan las elecciones rumbo a la gubernatura de Tamaulipas, de la que asegur\u00f3 ser\u00e1 el [&hellip;]<\/p>\n","protected":false},"author":2,"featured_media":35489,"comment_status":"open","ping_status":"open","sticky":false,"template":"","format":"standard","meta":[],"categories":[59],"tags":[],"_links":{"self":[{"href":"http:\/\/noticiastelered.com\/PortalDNoticias\/wp-json\/wp\/v2\/posts\/35487"}],"collection":[{"href":"http:\/\/noticiastelered.com\/PortalDNoticias\/wp-json\/wp\/v2\/posts"}],"about":[{"href":"http:\/\/noticiastelered.com\/PortalDNoticias\/wp-json\/wp\/v2\/types\/post"}],"author":[{"embeddable":true,"href":"http:\/\/noticiastelered.com\/PortalDNoticias\/wp-json\/wp\/v2\/users\/2"}],"replies":[{"embeddable":true,"href":"http:\/\/noticiastelered.com\/PortalDNoticias\/wp-json\/wp\/v2\/comments?post=35487"}],"version-history":[{"count":1,"href":"http:\/\/noticiastelered.com\/PortalDNoticias\/wp-json\/wp\/v2\/posts\/35487\/revisions"}],"predecessor-version":[{"id":35490,"href":"http:\/\/noticiastelered.com\/PortalDNoticias\/wp-json\/wp\/v2\/posts\/35487\/revisions\/35490"}],"wp:featuredmedia":[{"embeddable":true,"href":"http:\/\/noticiastelered.com\/PortalDNoticias\/wp-json\/wp\/v2\/media\/35489"}],"wp:attachment":[{"href":"http:\/\/noticiastelered.com\/PortalDNoticias\/wp-json\/wp\/v2\/media?parent=35487"}],"wp:term":[{"taxonomy":"category","embeddable":true,"href":"http:\/\/noticiastelered.com\/PortalDNoticias\/wp-json\/wp\/v2\/categories?post=35487"},{"taxonomy":"post_tag","embeddable":true,"href":"http:\/\/noticiastelered.com\/PortalDNoticias\/wp-json\/wp\/v2\/tags?post=35487"}],"curies":[{"name":"wp","href":"https:\/\/api.w.org\/{rel}","templated":true}]}}