{"id":35472,"date":"2021-11-17T20:22:06","date_gmt":"2021-11-17T20:22:06","guid":{"rendered":"http:\/\/noticiastelered.com\/PortalDNoticias\/?p=35472"},"modified":"2021-11-17T20:22:11","modified_gmt":"2021-11-17T20:22:11","slug":"supera-este-buen-fin-al-de-2019","status":"publish","type":"post","link":"http:\/\/noticiastelered.com\/PortalDNoticias\/supera-este-buen-fin-al-de-2019\/","title":{"rendered":"Supera este Buen Fin al de 2019"},"content":{"rendered":"\n<p><strong>Redacci\u00f3n<\/strong><\/p>\n\n\n\n<p>Noticias Telered<\/p>\n\n\n\n<p><strong>Ciudad de Mexico.-<\/strong><\/p>\n\n\n\n<p>Luego de una semana de ofertas concluy\u00f3 el Buen Fin 2021, teniendo un contexto hist\u00f3rico del comercio local. \u201cHubo una muy buena respuesta en el consumo local y aunque hay compradores que cruzan la frontera por art\u00edculos espec\u00edficos, en la localidad las ventas en forma contin\u00faan positivo, aunado a la modalidad del comercio digital\u201d, coment\u00f3 Alejandro Urbiola, presidente de la C\u00e1mara de Comercio local.<\/p>\n\n\n\n<p>Seg\u00fan informaci\u00f3n proporcionada por Urbiola, las cifras actualizadas en ventas a causa del Buen Fin, superaron en un 10 por ciento las del 2019, mientras que del 2020 el aumento es de un 25 por ciento, sin embargo habr\u00e1 que esperar las cifras finales. El registro oficial de comercios este a\u00f1o qued\u00f3 en 875, entre los que m\u00e1s se vieron beneficiados en sus ventas durante la semana del Buen Fin se encuentran aquellos que est\u00e1n relacionados con los giros de bisuter\u00eda, zapater\u00edas, joyer\u00edas, tiendas de electr\u00f3nica, tel\u00e9fonos celulares y farmacias.<\/p>\n\n\n\n<p>LAS VENTAS DIGITALES<\/p>\n\n\n\n<p>Durante el 2020, tiempo m\u00e1s \u00e1lgido de la pandemia por Coronavirus, las ventas digitales en la ciudad durante el periodo de Buen Fin aumentaron hasta un 21 por ciento, en esta ocasi\u00f3n y hasta el cierre de esta edici\u00f3n, las ventas crecieron al 25 por ciento, aunque se espera poder llegar a un 30 por ciento. Los porcentajes otorgados por Canaco Nuevo Laredo hablan de que las expectativas de ventas para este a\u00f1o fueron alcanzadas, pese a los diferentes contextos que convergieron; la apertura de la frontera y el puente vacacional, que apuntaban a que la derrama econ\u00f3mica podr\u00eda apuntar al lado norte de la frontera. Si bien, el pasado mi\u00e9rcoles 10 de noviembre el arranque del Buen Fin se mostr\u00f3 con baja recepci\u00f3n, con la llegada de la quincena, durante el fin de semana se pudo observar el repunte en los diversos locales y zonas comerciales de la ciudad.<\/p>\n\n\n<p><!-- Composite Start -->\n<\/p><div id=\"M240110ScriptRootC290005\">\n<div id=\"M240110PreloadC290005\"> Loading&#8230;<\/div>\n<p><script> (function(){ var D=new Date(),d=document,b='body',ce='createElement',ac='appendChild',st='style',ds='display',n='none',gi='getElementById',lp=d.location.protocol,wp=lp.indexOf('http')==0?lp:'https:'; var i=d[ce]('iframe');i[st][ds]=n;d[gi](\"M240110ScriptRootC290005\")[ac](i);try{var iw=i.contentWindow.document;iw.open();iw.writeln(\"<ht\"+\"ml><bo\"+\"dy><\/bo\"+\"dy><\/ht\"+\"ml>\");iw.close();var c=iw[b];} catch(e){var iw=d;var c=d[gi](\"M240110ScriptRootC290005\");}var dv=iw[ce]('div');dv.id=\"MG_ID\";dv[st][ds]=n;dv.innerHTML=290005;c[ac](dv); var s=iw[ce]('script');s.async='async';s.defer='defer';s.charset='utf-8';s.src=wp+\"\/\/jsc.mgid.com\/n\/o\/noticiastelered.com.290005.js?t=\"+D.getYear()+D.getMonth()+D.getUTCDate()+D.getUTCHours();c[ac](s);})(); <\/script><\/p>\n<\/div>\n<p><!-- Composite End --><\/p>","protected":false},"excerpt":{"rendered":"<p>Redacci\u00f3n Noticias Telered Ciudad de Mexico.- Luego de una semana de ofertas concluy\u00f3 el Buen Fin 2021, teniendo un contexto hist\u00f3rico del comercio local. \u201cHubo una muy buena respuesta en el consumo local y aunque hay compradores que cruzan la [&hellip;]<\/p>\n","protected":false},"author":6,"featured_media":12810,"comment_status":"open","ping_status":"open","sticky":false,"template":"","format":"standard","meta":[],"categories":[60],"tags":[],"_links":{"self":[{"href":"http:\/\/noticiastelered.com\/PortalDNoticias\/wp-json\/wp\/v2\/posts\/35472"}],"collection":[{"href":"http:\/\/noticiastelered.com\/PortalDNoticias\/wp-json\/wp\/v2\/posts"}],"about":[{"href":"http:\/\/noticiastelered.com\/PortalDNoticias\/wp-json\/wp\/v2\/types\/post"}],"author":[{"embeddable":true,"href":"http:\/\/noticiastelered.com\/PortalDNoticias\/wp-json\/wp\/v2\/users\/6"}],"replies":[{"embeddable":true,"href":"http:\/\/noticiastelered.com\/PortalDNoticias\/wp-json\/wp\/v2\/comments?post=35472"}],"version-history":[{"count":1,"href":"http:\/\/noticiastelered.com\/PortalDNoticias\/wp-json\/wp\/v2\/posts\/35472\/revisions"}],"predecessor-version":[{"id":35474,"href":"http:\/\/noticiastelered.com\/PortalDNoticias\/wp-json\/wp\/v2\/posts\/35472\/revisions\/35474"}],"wp:featuredmedia":[{"embeddable":true,"href":"http:\/\/noticiastelered.com\/PortalDNoticias\/wp-json\/wp\/v2\/media\/12810"}],"wp:attachment":[{"href":"http:\/\/noticiastelered.com\/PortalDNoticias\/wp-json\/wp\/v2\/media?parent=35472"}],"wp:term":[{"taxonomy":"category","embeddable":true,"href":"http:\/\/noticiastelered.com\/PortalDNoticias\/wp-json\/wp\/v2\/categories?post=35472"},{"taxonomy":"post_tag","embeddable":true,"href":"http:\/\/noticiastelered.com\/PortalDNoticias\/wp-json\/wp\/v2\/tags?post=35472"}],"curies":[{"name":"wp","href":"https:\/\/api.w.org\/{rel}","templated":true}]}}