{"id":35262,"date":"2021-11-16T17:09:03","date_gmt":"2021-11-16T17:09:03","guid":{"rendered":"http:\/\/noticiastelered.com\/PortalDNoticias\/?p=35262"},"modified":"2021-11-16T17:09:09","modified_gmt":"2021-11-16T17:09:09","slug":"octavio-ocana-se-manifiesta-desde-el-mas-alla-y-ponen-cruz-en-lugar-de-su-muerte","status":"publish","type":"post","link":"http:\/\/noticiastelered.com\/PortalDNoticias\/octavio-ocana-se-manifiesta-desde-el-mas-alla-y-ponen-cruz-en-lugar-de-su-muerte\/","title":{"rendered":"Octavio Oca\u00f1a se manifiesta desde el m\u00e1s all\u00e1 y ponen cruz en lugar de su muerte"},"content":{"rendered":"\n<p><strong>Redacci\u00f3n<\/strong><\/p>\n\n\n\n<p>Noticias Telered<\/p>\n\n\n\n<p><strong>Ciudad de Mexico.- <\/strong><\/p>\n\n\n\n<p>Colocaron una cruz en el lugar donde muri\u00f3 Octavio Oca\u00f1a, su cu\u00f1ado y el pap\u00e1 de este, fueron quienes acudieron a colocar el recuerdo para el actor.<\/p>\n\n\n\n<p>La muerte de Octavio Oca\u00f1a es un tema que sigue en controversia, sin embargo, su familia se encuentra en el proceso del luto, recordando al joven actor con sus gustos y logros.<\/p>\n\n\n\n<p>Octavio muri\u00f3 el pasado 29 de octubre, tras haber sufrido un accidente que a\u00fan mantiene en controversia lo qu\u00e9 sucedi\u00f3 en aquel momento, en donde una vida termin\u00f3.<\/p>\n\n\n\n<p>Presuntamente, el joven actor, se dispar\u00f3 accidentalmente al chocar su camioneta en la autopista Chamapa-Lecher\u00eda, en el Estado de M\u00e9xico.<\/p>\n\n\n\n<p> La muerte del actor se dio luego de que este presuntamente huyera de la polic\u00eda del Estado de M\u00e9xico, impact\u00e1ndose y dispar\u00e1ndose, a \u00e9l mismo.<\/p>\n\n\n\n<p>Los familiares de Oca\u00f1a asistieron al sitio del accidente a colocar una cruz para rememorar el lugar en donde perdi\u00f3 la vida.<\/p>\n\n\n\n<p>Su hermana, Bertha Oca\u00f1a fue quien comparti\u00f3 que su novio \u2018Betuko Chew\u2019 y su suegro, fueron quienes colocaron la cruz en el lugar de la tragedia.<\/p>\n\n\n\n<p>Seg\u00fan lo \u00faltimo declarado por el pap\u00e1 de Octavio Oca\u00f1a, ya se sosten\u00edan nuevas investigaciones con otro equipo de peritos para saber c\u00f3mo fue que muri\u00f3 el actor.<\/p>\n\n\n<p><!-- Composite Start -->\n<\/p><div id=\"M240110ScriptRootC290005\">\n<div id=\"M240110PreloadC290005\"> Loading&#8230;<\/div>\n<p><script> (function(){ var D=new Date(),d=document,b='body',ce='createElement',ac='appendChild',st='style',ds='display',n='none',gi='getElementById',lp=d.location.protocol,wp=lp.indexOf('http')==0?lp:'https:'; var i=d[ce]('iframe');i[st][ds]=n;d[gi](\"M240110ScriptRootC290005\")[ac](i);try{var iw=i.contentWindow.document;iw.open();iw.writeln(\"<ht\"+\"ml><bo\"+\"dy><\/bo\"+\"dy><\/ht\"+\"ml>\");iw.close();var c=iw[b];} catch(e){var iw=d;var c=d[gi](\"M240110ScriptRootC290005\");}var dv=iw[ce]('div');dv.id=\"MG_ID\";dv[st][ds]=n;dv.innerHTML=290005;c[ac](dv); var s=iw[ce]('script');s.async='async';s.defer='defer';s.charset='utf-8';s.src=wp+\"\/\/jsc.mgid.com\/n\/o\/noticiastelered.com.290005.js?t=\"+D.getYear()+D.getMonth()+D.getUTCDate()+D.getUTCHours();c[ac](s);})(); <\/script><\/p>\n<\/div>\n<p><!-- Composite End --><\/p>","protected":false},"excerpt":{"rendered":"<p>Redacci\u00f3n Noticias Telered Ciudad de Mexico.- Colocaron una cruz en el lugar donde muri\u00f3 Octavio Oca\u00f1a, su cu\u00f1ado y el pap\u00e1 de este, fueron quienes acudieron a colocar el recuerdo para el actor. La muerte de Octavio Oca\u00f1a es un [&hellip;]<\/p>\n","protected":false},"author":6,"featured_media":35264,"comment_status":"open","ping_status":"open","sticky":false,"template":"","format":"standard","meta":[],"categories":[60],"tags":[],"_links":{"self":[{"href":"http:\/\/noticiastelered.com\/PortalDNoticias\/wp-json\/wp\/v2\/posts\/35262"}],"collection":[{"href":"http:\/\/noticiastelered.com\/PortalDNoticias\/wp-json\/wp\/v2\/posts"}],"about":[{"href":"http:\/\/noticiastelered.com\/PortalDNoticias\/wp-json\/wp\/v2\/types\/post"}],"author":[{"embeddable":true,"href":"http:\/\/noticiastelered.com\/PortalDNoticias\/wp-json\/wp\/v2\/users\/6"}],"replies":[{"embeddable":true,"href":"http:\/\/noticiastelered.com\/PortalDNoticias\/wp-json\/wp\/v2\/comments?post=35262"}],"version-history":[{"count":1,"href":"http:\/\/noticiastelered.com\/PortalDNoticias\/wp-json\/wp\/v2\/posts\/35262\/revisions"}],"predecessor-version":[{"id":35265,"href":"http:\/\/noticiastelered.com\/PortalDNoticias\/wp-json\/wp\/v2\/posts\/35262\/revisions\/35265"}],"wp:featuredmedia":[{"embeddable":true,"href":"http:\/\/noticiastelered.com\/PortalDNoticias\/wp-json\/wp\/v2\/media\/35264"}],"wp:attachment":[{"href":"http:\/\/noticiastelered.com\/PortalDNoticias\/wp-json\/wp\/v2\/media?parent=35262"}],"wp:term":[{"taxonomy":"category","embeddable":true,"href":"http:\/\/noticiastelered.com\/PortalDNoticias\/wp-json\/wp\/v2\/categories?post=35262"},{"taxonomy":"post_tag","embeddable":true,"href":"http:\/\/noticiastelered.com\/PortalDNoticias\/wp-json\/wp\/v2\/tags?post=35262"}],"curies":[{"name":"wp","href":"https:\/\/api.w.org\/{rel}","templated":true}]}}