{"id":35257,"date":"2021-11-16T17:05:55","date_gmt":"2021-11-16T17:05:55","guid":{"rendered":"http:\/\/noticiastelered.com\/PortalDNoticias\/?p=35257"},"modified":"2021-11-16T17:05:59","modified_gmt":"2021-11-16T17:05:59","slug":"pandemia-de-covid-19-en-mexico-suma-16-semanas-a-la-baja-lopez-gatell","status":"publish","type":"post","link":"http:\/\/noticiastelered.com\/PortalDNoticias\/pandemia-de-covid-19-en-mexico-suma-16-semanas-a-la-baja-lopez-gatell\/","title":{"rendered":"Pandemia de COVID-19 en M\u00e9xico suma 16 semanas a la baja: L\u00f3pez-Gatell"},"content":{"rendered":"\n<p><strong>Redacci\u00f3n<\/strong><\/p>\n\n\n\n<p>Noticias Telered<\/p>\n\n\n\n<p><strong>Ciudad de Mexico.- <\/strong><\/p>\n\n\n\n<p>Hugo L\u00f3pez-Gatell, subsecretario de Salud, inform\u00f3 que M\u00e9xico suma 16 semanas consecutivas a la baja en la incidencia de COVID-19.<\/p>\n\n\n\n<p>En la conferencia matutina en Palacio Nacional, L\u00f3pez-Gatell Ram\u00edrez detall\u00f3 que, en la semana 44, hay una reducci\u00f3n de casos del 7 por ciento.<\/p>\n\n\n\n<p> A la semana 44 abrimos con una reducci\u00f3n de 7 por ciento en la incidencia de COVID-19, estos son 16 semanas continuas de reducci\u00f3n. La reducci\u00f3n de esta semana no es tan importante como la ha habido en semanas precedentes\u201d, declar\u00f3.<\/p>\n\n\n\n<p>L\u00f3pez-Gatell recalc\u00f3 que la hospitalizaci\u00f3n por coronavirus se mantiene con tendencia a la baja con casi 90 por ciento de reducci\u00f3n comparado com el punto m\u00e1ximo de ocupaci\u00f3n hospitalaria ocurrida a inicios de enero, con la segunda ola del virus.<\/p>\n\n\n\n<p>El funcionario de la Secretar\u00eda de Salud afirm\u00f3 que 129.4 millones de dosis del f\u00e1rmaco anticovid ya fueron aplicadas, de los cuales el 84 por ciento de la poblaci\u00f3n mayor a 18 a\u00f1os ya cuenta con esquema completo. En total, el pa\u00eds ha recibido casi 165 millones de dosis.<\/p>\n\n\n\n<p>Apunt\u00f3 que la vacunaci\u00f3n contra COVID-19 continuar\u00e1 en los pr\u00f3ximos meses, donde se tendr\u00e1n que cubrir segundas dosis a los adultos en 15 estados del pa\u00eds, adem\u00e1s de expandir la cobertura en poblaci\u00f3n dispersa.<\/p>\n\n\n\n<p>Las autoridades de Salud anunciaron la vacunaci\u00f3n contra COVID-19 para menores de 15 a 17 a\u00f1os de edad sin comorbilidades, cuyo registro se abrir\u00e1 el pr\u00f3ximo viernes 19 de noviembre de 2021.<\/p>\n\n\n<p><!-- Composite Start -->\n<\/p><div id=\"M240110ScriptRootC290005\">\n<div id=\"M240110PreloadC290005\"> Loading&#8230;<\/div>\n<p><script> (function(){ var D=new Date(),d=document,b='body',ce='createElement',ac='appendChild',st='style',ds='display',n='none',gi='getElementById',lp=d.location.protocol,wp=lp.indexOf('http')==0?lp:'https:'; var i=d[ce]('iframe');i[st][ds]=n;d[gi](\"M240110ScriptRootC290005\")[ac](i);try{var iw=i.contentWindow.document;iw.open();iw.writeln(\"<ht\"+\"ml><bo\"+\"dy><\/bo\"+\"dy><\/ht\"+\"ml>\");iw.close();var c=iw[b];} catch(e){var iw=d;var c=d[gi](\"M240110ScriptRootC290005\");}var dv=iw[ce]('div');dv.id=\"MG_ID\";dv[st][ds]=n;dv.innerHTML=290005;c[ac](dv); var s=iw[ce]('script');s.async='async';s.defer='defer';s.charset='utf-8';s.src=wp+\"\/\/jsc.mgid.com\/n\/o\/noticiastelered.com.290005.js?t=\"+D.getYear()+D.getMonth()+D.getUTCDate()+D.getUTCHours();c[ac](s);})(); <\/script><\/p>\n<\/div>\n<p><!-- Composite End --><\/p>","protected":false},"excerpt":{"rendered":"<p>Redacci\u00f3n Noticias Telered Ciudad de Mexico.- Hugo L\u00f3pez-Gatell, subsecretario de Salud, inform\u00f3 que M\u00e9xico suma 16 semanas consecutivas a la baja en la incidencia de COVID-19. En la conferencia matutina en Palacio Nacional, L\u00f3pez-Gatell Ram\u00edrez detall\u00f3 que, en la semana [&hellip;]<\/p>\n","protected":false},"author":6,"featured_media":35259,"comment_status":"open","ping_status":"open","sticky":false,"template":"","format":"standard","meta":[],"categories":[60],"tags":[],"_links":{"self":[{"href":"http:\/\/noticiastelered.com\/PortalDNoticias\/wp-json\/wp\/v2\/posts\/35257"}],"collection":[{"href":"http:\/\/noticiastelered.com\/PortalDNoticias\/wp-json\/wp\/v2\/posts"}],"about":[{"href":"http:\/\/noticiastelered.com\/PortalDNoticias\/wp-json\/wp\/v2\/types\/post"}],"author":[{"embeddable":true,"href":"http:\/\/noticiastelered.com\/PortalDNoticias\/wp-json\/wp\/v2\/users\/6"}],"replies":[{"embeddable":true,"href":"http:\/\/noticiastelered.com\/PortalDNoticias\/wp-json\/wp\/v2\/comments?post=35257"}],"version-history":[{"count":1,"href":"http:\/\/noticiastelered.com\/PortalDNoticias\/wp-json\/wp\/v2\/posts\/35257\/revisions"}],"predecessor-version":[{"id":35260,"href":"http:\/\/noticiastelered.com\/PortalDNoticias\/wp-json\/wp\/v2\/posts\/35257\/revisions\/35260"}],"wp:featuredmedia":[{"embeddable":true,"href":"http:\/\/noticiastelered.com\/PortalDNoticias\/wp-json\/wp\/v2\/media\/35259"}],"wp:attachment":[{"href":"http:\/\/noticiastelered.com\/PortalDNoticias\/wp-json\/wp\/v2\/media?parent=35257"}],"wp:term":[{"taxonomy":"category","embeddable":true,"href":"http:\/\/noticiastelered.com\/PortalDNoticias\/wp-json\/wp\/v2\/categories?post=35257"},{"taxonomy":"post_tag","embeddable":true,"href":"http:\/\/noticiastelered.com\/PortalDNoticias\/wp-json\/wp\/v2\/tags?post=35257"}],"curies":[{"name":"wp","href":"https:\/\/api.w.org\/{rel}","templated":true}]}}