{"id":35250,"date":"2021-11-16T16:59:11","date_gmt":"2021-11-16T16:59:11","guid":{"rendered":"http:\/\/noticiastelered.com\/PortalDNoticias\/?p=35250"},"modified":"2021-11-16T16:59:16","modified_gmt":"2021-11-16T16:59:16","slug":"alocado-repartidor-se-pasa-la-luz-roja-y-se-lesiona-en-nld","status":"publish","type":"post","link":"http:\/\/noticiastelered.com\/PortalDNoticias\/alocado-repartidor-se-pasa-la-luz-roja-y-se-lesiona-en-nld\/","title":{"rendered":"Alocado repartidor se pasa la luz roja y se lesiona en NLD"},"content":{"rendered":"\n<p><strong>Redacci\u00f3n<\/strong><\/p>\n\n\n\n<p>Noticias Telered<\/p>\n\n\n\n<p><strong>Ciudad de Mexico.- <\/strong><\/p>\n\n\n\n<p>Por no respetar la se\u00f1al de alto, un motociclista result\u00f3 lesionado al chocar contra un veh\u00edculo en transitado crucero de la calzada de los H\u00e9roes.<\/p>\n\n\n\n<p>Los T\u00e9cnicos en Urgencias M\u00e9dicas (TUM) de la Cruz Roja Mexicana, auxiliaron a Mauricio \u201cN\u201d de 52 a\u00f1os y lo trasladaron al Hospital General de Zona N\u00famero 11 del Instituto Mexicano del Seguro Social (IMSS), para su atenci\u00f3n m\u00e9dica.<\/p>\n\n\n\n<p>El hombre, conduc\u00eda una motocicleta Honda Cargo 150 blanca, modelo 2018 con placas de circulaci\u00f3n nacionales, propiedad de restaurantes y servicios fronterizos.<\/p>\n\n\n\n<p> Iba de poniente a oriente sobre la calzada ya mencionada pero al llegar a la calle Canturosas, el motociclista no respet\u00f3 la se\u00f1al de alto marcada en luz roja en el sem\u00e1foro y choc\u00f3 contra un veh\u00edculo.<\/p>\n\n\n\n<p>El afectado guiaba un Honda Accord gris modelo 1998, con placas de circulaci\u00f3n de Texas y se identific\u00f3 como No\u00e9 \u201cN\u201d de 52 a\u00f1os; esta persona, conduc\u00eda de oriente a poniente por la calzada de los H\u00e9roes y en la intercesi\u00f3n, fue impactado en su costado derecho por el frente de la moto.<\/p>\n\n\n\n<p>Los agentes de la Direcci\u00f3n de Tr\u00e1nsito y Vialidad Municipal, acudieron al sitio para realizar el peritaje, multar al conductor responsable y trasladar los veh\u00edculos al corral\u00f3n.<\/p>\n","protected":false},"excerpt":{"rendered":"<p>Redacci\u00f3n Noticias Telered Ciudad de Mexico.- Por no respetar la se\u00f1al de alto, un motociclista result\u00f3 lesionado al chocar contra un veh\u00edculo en transitado crucero de la calzada de los H\u00e9roes. Los T\u00e9cnicos en Urgencias M\u00e9dicas (TUM) de la Cruz [&hellip;]<\/p>\n","protected":false},"author":6,"featured_media":35254,"comment_status":"open","ping_status":"open","sticky":false,"template":"","format":"standard","meta":[],"categories":[63,59],"tags":[],"_links":{"self":[{"href":"http:\/\/noticiastelered.com\/PortalDNoticias\/wp-json\/wp\/v2\/posts\/35250"}],"collection":[{"href":"http:\/\/noticiastelered.com\/PortalDNoticias\/wp-json\/wp\/v2\/posts"}],"about":[{"href":"http:\/\/noticiastelered.com\/PortalDNoticias\/wp-json\/wp\/v2\/types\/post"}],"author":[{"embeddable":true,"href":"http:\/\/noticiastelered.com\/PortalDNoticias\/wp-json\/wp\/v2\/users\/6"}],"replies":[{"embeddable":true,"href":"http:\/\/noticiastelered.com\/PortalDNoticias\/wp-json\/wp\/v2\/comments?post=35250"}],"version-history":[{"count":1,"href":"http:\/\/noticiastelered.com\/PortalDNoticias\/wp-json\/wp\/v2\/posts\/35250\/revisions"}],"predecessor-version":[{"id":35255,"href":"http:\/\/noticiastelered.com\/PortalDNoticias\/wp-json\/wp\/v2\/posts\/35250\/revisions\/35255"}],"wp:featuredmedia":[{"embeddable":true,"href":"http:\/\/noticiastelered.com\/PortalDNoticias\/wp-json\/wp\/v2\/media\/35254"}],"wp:attachment":[{"href":"http:\/\/noticiastelered.com\/PortalDNoticias\/wp-json\/wp\/v2\/media?parent=35250"}],"wp:term":[{"taxonomy":"category","embeddable":true,"href":"http:\/\/noticiastelered.com\/PortalDNoticias\/wp-json\/wp\/v2\/categories?post=35250"},{"taxonomy":"post_tag","embeddable":true,"href":"http:\/\/noticiastelered.com\/PortalDNoticias\/wp-json\/wp\/v2\/tags?post=35250"}],"curies":[{"name":"wp","href":"https:\/\/api.w.org\/{rel}","templated":true}]}}