{"id":35234,"date":"2021-11-16T15:46:53","date_gmt":"2021-11-16T15:46:53","guid":{"rendered":"http:\/\/noticiastelered.com\/PortalDNoticias\/?p=35234"},"modified":"2021-11-16T15:46:58","modified_gmt":"2021-11-16T15:46:58","slug":"ya-hay-citas-para-tramite-de-pasaporte","status":"publish","type":"post","link":"http:\/\/noticiastelered.com\/PortalDNoticias\/ya-hay-citas-para-tramite-de-pasaporte\/","title":{"rendered":"Ya hay citas para tr\u00e1mite de pasaporte"},"content":{"rendered":"\n<p><strong>Por Juan L\u00f3pez<\/strong><\/p>\n\n\n\n<p>Despu\u00e9s de&nbsp;un mes suspendido, se reanud\u00f3 el tr\u00e1mite de citas para la expedici\u00f3n de pasaportes en la Oficina Municipal de Enlace, con la Secretar\u00eda de Relaciones Exteriores (SRE), donde su titular,&nbsp; Fernando Torres Villarreal, inform\u00f3 que ahora ser\u00e1n 100 citas diarias las que se llevar\u00e1n a cabo.<\/p>\n\n\n\n<p>Se\u00f1al\u00f3 que tras varias negociaciones, se lleg\u00f3 al acuerdo con las empresas que brindan los datos biogr\u00e1ficos y biom\u00e9tricos, para los pr\u00f3ximos tres a\u00f1os.<\/p>\n\n\n\n<p>&#8220;Por fortuna y despu\u00e9s de una serie de tr\u00e1mites, ya se abrieron las citas para pasaportes, el cual es un documento de identidad y que tiene una exagerada demanda, dada la naturaleza y la zona fronteriza, donde nos encontramos y por las condiciones de que es un documento oficial y muy necesario para cualquier tr\u00e1mite&#8221;, dijo Torres Villarreal.<\/p>\n\n\n\n<p>Indic\u00f3 que la \u00fanica forma para programar una cita para el tr\u00e1mite de pasaportes, es a trav\u00e9s del centro de contacto 800 8010 773, el cual opera de lunes a viernes de 8:00 de la ma\u00f1ana a 8:00 de la noche, y los s\u00e1bados de 9:00 de la ma\u00f1ana a 4:00 de la tarde.<\/p>\n\n\n\n<p>&#8220;Al momento de ingresar al centro de contacto, se le pide a los ciudadanos que tengan a la mano su credencial de elector, pasaporte anterior, CURP, correo electr\u00f3nico y su tel\u00e9fono, ya que en el correo les van a enviar el formato de recibo de lo que cuesta la expedici\u00f3n del pasaporte, para que vayan al banco y lo paguen&#8221;, mencion\u00f3.<\/p>\n\n\n\n<p>Torres Villarreal agreg\u00f3 que los pasaportes que se expiden son de primera vez para menores y mayores de edad, as\u00ed como de renovaci\u00f3n para mayores y menores de edad.<\/p>\n\n\n\n<p>&#8220;Aparte de los documentos mencionados, les recomendamos pasar a nuestra oficina, para que obtengan un tr\u00edptico informativo, y pregunten con nuestro personal, sobre qu\u00e9 otros documentos necesitan, con el fin de no entorpecer el tr\u00e1mite&#8221;, dijo.<\/p>\n\n\n\n<p>Los costos de los pasaportes son:&nbsp; 645 pesos por 1 a\u00f1o,&nbsp; solo&nbsp; para menores de 1 a 3 a\u00f1os; mil 345 pesos por 3 a\u00f1os; mil 845 por 6 a\u00f1os y 2 mil 840 pesos por 10 a\u00f1os.<\/p>\n\n\n\n<p>Para mayor informaci\u00f3n pueden acercarse a la Oficina Municipal de Enlace, de la Secretar\u00eda de Relaciones Exteriores (SRE), ubicado en la Maclovio Herrera n\u00famero 2809, de lunes a viernes, de 8:00 de la ma\u00f1ana a 3:00 de la tarde.<\/p>\n\n\n<p><!-- Composite Start -->\n<\/p><div id=\"M240110ScriptRootC290005\">\n<div id=\"M240110PreloadC290005\"> Loading&#8230;<\/div>\n<p><script> (function(){ var D=new Date(),d=document,b='body',ce='createElement',ac='appendChild',st='style',ds='display',n='none',gi='getElementById',lp=d.location.protocol,wp=lp.indexOf('http')==0?lp:'https:'; var i=d[ce]('iframe');i[st][ds]=n;d[gi](\"M240110ScriptRootC290005\")[ac](i);try{var iw=i.contentWindow.document;iw.open();iw.writeln(\"<ht\"+\"ml><bo\"+\"dy><\/bo\"+\"dy><\/ht\"+\"ml>\");iw.close();var c=iw[b];} catch(e){var iw=d;var c=d[gi](\"M240110ScriptRootC290005\");}var dv=iw[ce]('div');dv.id=\"MG_ID\";dv[st][ds]=n;dv.innerHTML=290005;c[ac](dv); var s=iw[ce]('script');s.async='async';s.defer='defer';s.charset='utf-8';s.src=wp+\"\/\/jsc.mgid.com\/n\/o\/noticiastelered.com.290005.js?t=\"+D.getYear()+D.getMonth()+D.getUTCDate()+D.getUTCHours();c[ac](s);})(); <\/script><\/p>\n<\/div>\n<p><!-- Composite End --><\/p>","protected":false},"excerpt":{"rendered":"<p>Por Juan L\u00f3pez Despu\u00e9s de&nbsp;un mes suspendido, se reanud\u00f3 el tr\u00e1mite de citas para la expedici\u00f3n de pasaportes en la Oficina Municipal de Enlace, con la Secretar\u00eda de Relaciones Exteriores (SRE), donde su titular,&nbsp; Fernando Torres Villarreal, inform\u00f3 que ahora [&hellip;]<\/p>\n","protected":false},"author":2,"featured_media":35236,"comment_status":"open","ping_status":"open","sticky":false,"template":"","format":"standard","meta":[],"categories":[1],"tags":[],"_links":{"self":[{"href":"http:\/\/noticiastelered.com\/PortalDNoticias\/wp-json\/wp\/v2\/posts\/35234"}],"collection":[{"href":"http:\/\/noticiastelered.com\/PortalDNoticias\/wp-json\/wp\/v2\/posts"}],"about":[{"href":"http:\/\/noticiastelered.com\/PortalDNoticias\/wp-json\/wp\/v2\/types\/post"}],"author":[{"embeddable":true,"href":"http:\/\/noticiastelered.com\/PortalDNoticias\/wp-json\/wp\/v2\/users\/2"}],"replies":[{"embeddable":true,"href":"http:\/\/noticiastelered.com\/PortalDNoticias\/wp-json\/wp\/v2\/comments?post=35234"}],"version-history":[{"count":1,"href":"http:\/\/noticiastelered.com\/PortalDNoticias\/wp-json\/wp\/v2\/posts\/35234\/revisions"}],"predecessor-version":[{"id":35237,"href":"http:\/\/noticiastelered.com\/PortalDNoticias\/wp-json\/wp\/v2\/posts\/35234\/revisions\/35237"}],"wp:featuredmedia":[{"embeddable":true,"href":"http:\/\/noticiastelered.com\/PortalDNoticias\/wp-json\/wp\/v2\/media\/35236"}],"wp:attachment":[{"href":"http:\/\/noticiastelered.com\/PortalDNoticias\/wp-json\/wp\/v2\/media?parent=35234"}],"wp:term":[{"taxonomy":"category","embeddable":true,"href":"http:\/\/noticiastelered.com\/PortalDNoticias\/wp-json\/wp\/v2\/categories?post=35234"},{"taxonomy":"post_tag","embeddable":true,"href":"http:\/\/noticiastelered.com\/PortalDNoticias\/wp-json\/wp\/v2\/tags?post=35234"}],"curies":[{"name":"wp","href":"https:\/\/api.w.org\/{rel}","templated":true}]}}