{"id":35230,"date":"2021-11-16T15:38:15","date_gmt":"2021-11-16T15:38:15","guid":{"rendered":"http:\/\/noticiastelered.com\/PortalDNoticias\/?p=35230"},"modified":"2021-11-16T15:38:20","modified_gmt":"2021-11-16T15:38:20","slug":"si-va-a-comprar-dolares-esperese","status":"publish","type":"post","link":"http:\/\/noticiastelered.com\/PortalDNoticias\/si-va-a-comprar-dolares-esperese\/","title":{"rendered":"Si va a comprar d\u00f3lares, esp\u00e9rese"},"content":{"rendered":"\n<p><strong>Por Juan L\u00f3pez<\/strong><br><br><strong>NUEVO LAREDO.-&nbsp;<\/strong>Este martes en los centros cambiarios de la ciudad, la divisa norteamericana se cotizo en 20.30 por d\u00f3lar.<\/p>\n\n\n\n<p><br>Mientras que a la compra se mantuvo en 19.00Pesos, todo ello originado por las medidas de Banxico, aunado a los precios internacionales del.petroleo.<\/p>\n\n\n\n<p><br>&#8220;Esto viene a acrecentar la falta de movimiento en los centros cambiarios, no todos tienen la posibilidad de hacer negocios y m nos con este tipo de cotizaciones&#8221;, se\u00f1al\u00f3 el propietario de un centro cambiarlo, Leopoldo Casta\u00f1eda.<\/p>\n\n\n\n<p><br>Todos esperaban que al abrirse los puentes, generar\u00e1 un mayor movimiento en los centros cambiarios, pero no ha sido as\u00ed. Indic\u00f3<\/p>\n\n\n\n<p><br>No queda m\u00e1s que mantenerse a la espera de mejores tiempos, vienen fechas importantes y ser\u00eda bueno para todos que regresar\u00e1 el movimiento habitual en la ciudad. <\/p>\n\n\n<p><!-- Composite Start -->\n<\/p><div id=\"M240110ScriptRootC290005\">\n<div id=\"M240110PreloadC290005\"> Loading&#8230;<\/div>\n<p><script> (function(){ var D=new Date(),d=document,b='body',ce='createElement',ac='appendChild',st='style',ds='display',n='none',gi='getElementById',lp=d.location.protocol,wp=lp.indexOf('http')==0?lp:'https:'; var i=d[ce]('iframe');i[st][ds]=n;d[gi](\"M240110ScriptRootC290005\")[ac](i);try{var iw=i.contentWindow.document;iw.open();iw.writeln(\"<ht\"+\"ml><bo\"+\"dy><\/bo\"+\"dy><\/ht\"+\"ml>\");iw.close();var c=iw[b];} catch(e){var iw=d;var c=d[gi](\"M240110ScriptRootC290005\");}var dv=iw[ce]('div');dv.id=\"MG_ID\";dv[st][ds]=n;dv.innerHTML=290005;c[ac](dv); var s=iw[ce]('script');s.async='async';s.defer='defer';s.charset='utf-8';s.src=wp+\"\/\/jsc.mgid.com\/n\/o\/noticiastelered.com.290005.js?t=\"+D.getYear()+D.getMonth()+D.getUTCDate()+D.getUTCHours();c[ac](s);})(); <\/script><\/p>\n<\/div>\n<p><!-- Composite End --><\/p>","protected":false},"excerpt":{"rendered":"<p>Por Juan L\u00f3pez NUEVO LAREDO.-&nbsp;Este martes en los centros cambiarios de la ciudad, la divisa norteamericana se cotizo en 20.30 por d\u00f3lar. Mientras que a la compra se mantuvo en 19.00Pesos, todo ello originado por las medidas de Banxico, aunado [&hellip;]<\/p>\n","protected":false},"author":2,"featured_media":35232,"comment_status":"open","ping_status":"open","sticky":false,"template":"","format":"standard","meta":[],"categories":[1],"tags":[],"_links":{"self":[{"href":"http:\/\/noticiastelered.com\/PortalDNoticias\/wp-json\/wp\/v2\/posts\/35230"}],"collection":[{"href":"http:\/\/noticiastelered.com\/PortalDNoticias\/wp-json\/wp\/v2\/posts"}],"about":[{"href":"http:\/\/noticiastelered.com\/PortalDNoticias\/wp-json\/wp\/v2\/types\/post"}],"author":[{"embeddable":true,"href":"http:\/\/noticiastelered.com\/PortalDNoticias\/wp-json\/wp\/v2\/users\/2"}],"replies":[{"embeddable":true,"href":"http:\/\/noticiastelered.com\/PortalDNoticias\/wp-json\/wp\/v2\/comments?post=35230"}],"version-history":[{"count":1,"href":"http:\/\/noticiastelered.com\/PortalDNoticias\/wp-json\/wp\/v2\/posts\/35230\/revisions"}],"predecessor-version":[{"id":35233,"href":"http:\/\/noticiastelered.com\/PortalDNoticias\/wp-json\/wp\/v2\/posts\/35230\/revisions\/35233"}],"wp:featuredmedia":[{"embeddable":true,"href":"http:\/\/noticiastelered.com\/PortalDNoticias\/wp-json\/wp\/v2\/media\/35232"}],"wp:attachment":[{"href":"http:\/\/noticiastelered.com\/PortalDNoticias\/wp-json\/wp\/v2\/media?parent=35230"}],"wp:term":[{"taxonomy":"category","embeddable":true,"href":"http:\/\/noticiastelered.com\/PortalDNoticias\/wp-json\/wp\/v2\/categories?post=35230"},{"taxonomy":"post_tag","embeddable":true,"href":"http:\/\/noticiastelered.com\/PortalDNoticias\/wp-json\/wp\/v2\/tags?post=35230"}],"curies":[{"name":"wp","href":"https:\/\/api.w.org\/{rel}","templated":true}]}}