{"id":35223,"date":"2021-11-16T15:19:46","date_gmt":"2021-11-16T15:19:46","guid":{"rendered":"http:\/\/noticiastelered.com\/PortalDNoticias\/?p=35223"},"modified":"2021-11-16T15:19:48","modified_gmt":"2021-11-16T15:19:48","slug":"rector-suarez-fernandez-recibe-presea-dr-jorge-carpizo-mcgregor-2021","status":"publish","type":"post","link":"http:\/\/noticiastelered.com\/PortalDNoticias\/rector-suarez-fernandez-recibe-presea-dr-jorge-carpizo-mcgregor-2021\/","title":{"rendered":"Rector Su\u00e1rez Fern\u00e1ndez recibe Presea \u201cDr. Jorge Carpizo McGregor\u201d 2021"},"content":{"rendered":"<p>Guanajuato, Gto.- 14 de noviembre de 2021.<\/p>\n<p>En virtud de su gesti\u00f3n humanista, su pol\u00edtica de inclusi\u00f3n y el impulso a los derechos humanos desde el seno de la Universidad Aut\u00f3noma de Tamaulipas (UAT), el Ing. Jos\u00e9 Andr\u00e9s Su\u00e1rez Fern\u00e1ndez, Rector de la m\u00e1xima casa de estudios, fue galardonado con la Presea \u201cDr. Jorge Carpizo McGregor\u201d 2021 en el encuentro de la Red de Organismos Defensores de los Derechos Universitarios (REDDU).<\/p>\n<p>Conformada por las Defensor\u00edas y Procuradur\u00edas de los Derechos Universitarios de Australia, Brasil, Espa\u00f1a, El Salvador, Honduras, Panam\u00e1, Per\u00fa y M\u00e9xico, la REDDU condecor\u00f3 al Rector de la UAT con dicha presea en la ceremonia efectuada el 9 de noviembre, durante la clausura del encuentro que se realiz\u00f3 en las instalaciones de la Universidad de Guanajuato.<\/p>\n<p>El Rector Suarez Fern\u00e1ndez expres\u00f3 que en dicha presea se traduce el reconocimiento a la defensa de los derechos universitarios que ha impulsado esta instituci\u00f3n. \u201cHa sido un aprendizaje general de toda la Universidad. Fortalecemos los derechos de una manera pr\u00e1ctica y a diario, de tal manera que tenemos poco trabajo en ese sentido, pero seguimos generando una conciencia de los derechos humanos\u201d, coment\u00f3.<\/p>\n<p>La presea \u201cDr. Jorge Carpizo McGregor\u201d \u2014en homenaje al ilustre abogado y fundador de la Comisi\u00f3n Nacional de Derechos Humanos\u2014 fue entregada por el Dr. Jorge Luis Rivera Huesca, Presidente de la REDDU, acompa\u00f1ado por la Dra. Mar\u00eda del Castillo Falc\u00f3n Caro, especialista en mediaci\u00f3n y derecho de la Universidad de Sevilla, y la Dra. Guadalupe Barrena N\u00e1jera, titular de la Defensor\u00eda de los Derechos Universitarios de la Universidad Nacional Aut\u00f3noma de M\u00e9xico.<\/p>\n<p>Cabe mencionar que, en la administraci\u00f3n rectoral del Ing. Jos\u00e9 Andr\u00e9s Su\u00e1rez Fern\u00e1ndez, se incluy\u00f3 la Igualdad de G\u00e9nero como un eje transversal del Plan de Desarrollo Institucional 2018-2021, con el impulso a las pol\u00edticas de g\u00e9nero, la atenci\u00f3n a grupos con necesidades especiales, la defensa de la inclusi\u00f3n social, la igualdad de oportunidades y la protecci\u00f3n ambiental.<\/p>\n<p>As\u00ed tambi\u00e9n se cre\u00f3 la Defensor\u00eda de los Derechos de los Universitarios, se conform\u00f3 la Comisi\u00f3n Legislativa, se incorporaron la Maestr\u00eda y el Doctorado Interinstitucional en Derechos Humanos y se implement\u00f3 el C\u00f3digo de \u00c9tica y Conducta de la Universidad.<\/p>\n<p>Adem\u00e1s, se estableci\u00f3 en los planes de estudios de licenciatura y posgrado de las Facultades de Derecho las materias de Sistema Nacional e Internacional de Derechos Humanos y Los Derechos Humanos y sus Garant\u00edas. Como parte de las asignaturas optativas del N\u00facleo de Formaci\u00f3n B\u00e1sica Universitaria se incluy\u00f3 la materia Introducci\u00f3n al Estudio de los Derechos Humanos en la actualizaci\u00f3n curricular 2019, que abarca los 79 programas educativos de licenciatura que ofrece la UAT.<\/p>\n<p>Como parte de su alto sentido de responsabilidad social durante la pandemia, la Universidad cre\u00f3 el Comit\u00e9 General de Salud y otorg\u00f3 12,359 Becas COVID-19 durante los periodos 2020-3 y 2021-1.<\/p>\n<p>En el actual periodo (2021\u20132) se logr\u00f3 la vacunaci\u00f3n de todo el personal docente y administrativo que acudi\u00f3 a los centros de aplicaci\u00f3n de la vacuna de esta casa de estudios. Adem\u00e1s, los estudiantes cuentan con el seguro facultativo (IMSS), desde el momento de su inscripci\u00f3n hasta la conclusi\u00f3n de sus estudios de licenciatura.<\/p>\n<p><!-- Composite Start --><\/p>\n<div id=\"M240110ScriptRootC290005\">\n<div id=\"M240110PreloadC290005\"> Loading&#8230;<\/div>\n<p><script> (function(){ var D=new Date(),d=document,b='body',ce='createElement',ac='appendChild',st='style',ds='display',n='none',gi='getElementById',lp=d.location.protocol,wp=lp.indexOf('http')==0?lp:'https:'; var i=d[ce]('iframe');i[st][ds]=n;d[gi](\"M240110ScriptRootC290005\")[ac](i);try{var iw=i.contentWindow.document;iw.open();iw.writeln(\"<ht\"+\"ml><bo\"+\"dy><\/bo\"+\"dy><\/ht\"+\"ml>\");iw.close();var c=iw[b];} catch(e){var iw=d;var c=d[gi](\"M240110ScriptRootC290005\");}var dv=iw[ce]('div');dv.id=\"MG_ID\";dv[st][ds]=n;dv.innerHTML=290005;c[ac](dv); var s=iw[ce]('script');s.async='async';s.defer='defer';s.charset='utf-8';s.src=wp+\"\/\/jsc.mgid.com\/n\/o\/noticiastelered.com.290005.js?t=\"+D.getYear()+D.getMonth()+D.getUTCDate()+D.getUTCHours();c[ac](s);})(); <\/script><\/p>\n<\/div>\n<p><!-- Composite End --><\/p>\n","protected":false},"excerpt":{"rendered":"<p>Guanajuato, Gto.- 14 de noviembre de 2021. En virtud de su gesti\u00f3n humanista, su pol\u00edtica de inclusi\u00f3n y el impulso a los derechos humanos desde el seno de la Universidad Aut\u00f3noma de Tamaulipas (UAT), el Ing. Jos\u00e9 Andr\u00e9s Su\u00e1rez Fern\u00e1ndez, [&hellip;]<\/p>\n","protected":false},"author":3,"featured_media":35225,"comment_status":"open","ping_status":"open","sticky":false,"template":"","format":"standard","meta":[],"categories":[60],"tags":[],"_links":{"self":[{"href":"http:\/\/noticiastelered.com\/PortalDNoticias\/wp-json\/wp\/v2\/posts\/35223"}],"collection":[{"href":"http:\/\/noticiastelered.com\/PortalDNoticias\/wp-json\/wp\/v2\/posts"}],"about":[{"href":"http:\/\/noticiastelered.com\/PortalDNoticias\/wp-json\/wp\/v2\/types\/post"}],"author":[{"embeddable":true,"href":"http:\/\/noticiastelered.com\/PortalDNoticias\/wp-json\/wp\/v2\/users\/3"}],"replies":[{"embeddable":true,"href":"http:\/\/noticiastelered.com\/PortalDNoticias\/wp-json\/wp\/v2\/comments?post=35223"}],"version-history":[{"count":1,"href":"http:\/\/noticiastelered.com\/PortalDNoticias\/wp-json\/wp\/v2\/posts\/35223\/revisions"}],"predecessor-version":[{"id":35226,"href":"http:\/\/noticiastelered.com\/PortalDNoticias\/wp-json\/wp\/v2\/posts\/35223\/revisions\/35226"}],"wp:featuredmedia":[{"embeddable":true,"href":"http:\/\/noticiastelered.com\/PortalDNoticias\/wp-json\/wp\/v2\/media\/35225"}],"wp:attachment":[{"href":"http:\/\/noticiastelered.com\/PortalDNoticias\/wp-json\/wp\/v2\/media?parent=35223"}],"wp:term":[{"taxonomy":"category","embeddable":true,"href":"http:\/\/noticiastelered.com\/PortalDNoticias\/wp-json\/wp\/v2\/categories?post=35223"},{"taxonomy":"post_tag","embeddable":true,"href":"http:\/\/noticiastelered.com\/PortalDNoticias\/wp-json\/wp\/v2\/tags?post=35223"}],"curies":[{"name":"wp","href":"https:\/\/api.w.org\/{rel}","templated":true}]}}