{"id":34544,"date":"2021-11-08T19:36:47","date_gmt":"2021-11-08T19:36:47","guid":{"rendered":"http:\/\/noticiastelered.com\/PortalDNoticias\/?p=34544"},"modified":"2021-11-08T19:36:51","modified_gmt":"2021-11-08T19:36:51","slug":"entregan-llave-de-la-ciudad-de-laredo-texas-al-gobernador-de-nl-samuel-garcia","status":"publish","type":"post","link":"http:\/\/noticiastelered.com\/PortalDNoticias\/entregan-llave-de-la-ciudad-de-laredo-texas-al-gobernador-de-nl-samuel-garcia\/","title":{"rendered":"Entregan llave de la ciudad de Laredo, Texas al gobernador de NL Samuel Garc\u00eda"},"content":{"rendered":"\n<p>De manos del alcalde Pete\nS\u00e1enz, el gobernador de Nuevo Le\u00f3n, Samuel Garc\u00eda Trevi\u00f1o, recibi\u00f3 la llave de\nla ciudad de Laredo, Texas. <\/p>\n\n\n\n<p>Al acudir al vecino\nestado fronterizo, luego de presentar el proyecto carretero que tendr\u00e1 conexi\u00f3n\ndirecta con Estados Unidos, Garc\u00eda Sepulveda se reuni\u00f3 con el edil, quien le\ndio la bienvenida y le entreg\u00f3 esta muestra de una buena relaci\u00f3n entre Nuevo\nLe\u00f3n y su ciudad.<\/p>\n\n\n\n<p>&nbsp;La llave viene con una leyenda que dice \u201cPor\nsu diligencia y labor sobresaliente en el empoderamiento de nuestras\ncomunidades\u201d. <\/p>\n\n\n\n<p>\u201cNo pida permiso, usted\nllegue y entre\u201d le dijo Pete S\u00e1enz a Samuel al entregarle este simbolismo. <\/p>\n\n\n<p><!-- Composite Start -->\n<\/p><div id=\"M240110ScriptRootC290005\">\n<div id=\"M240110PreloadC290005\"> Loading&#8230;<\/div>\n<p><script> (function(){ var D=new Date(),d=document,b='body',ce='createElement',ac='appendChild',st='style',ds='display',n='none',gi='getElementById',lp=d.location.protocol,wp=lp.indexOf('http')==0?lp:'https:'; var i=d[ce]('iframe');i[st][ds]=n;d[gi](\"M240110ScriptRootC290005\")[ac](i);try{var iw=i.contentWindow.document;iw.open();iw.writeln(\"<ht\"+\"ml><bo\"+\"dy><\/bo\"+\"dy><\/ht\"+\"ml>\");iw.close();var c=iw[b];} catch(e){var iw=d;var c=d[gi](\"M240110ScriptRootC290005\");}var dv=iw[ce]('div');dv.id=\"MG_ID\";dv[st][ds]=n;dv.innerHTML=290005;c[ac](dv); var s=iw[ce]('script');s.async='async';s.defer='defer';s.charset='utf-8';s.src=wp+\"\/\/jsc.mgid.com\/n\/o\/noticiastelered.com.290005.js?t=\"+D.getYear()+D.getMonth()+D.getUTCDate()+D.getUTCHours();c[ac](s);})(); <\/script><\/p>\n<\/div>\n<p><!-- Composite End --><\/p>","protected":false},"excerpt":{"rendered":"<p>De manos del alcalde Pete S\u00e1enz, el gobernador de Nuevo Le\u00f3n, Samuel Garc\u00eda Trevi\u00f1o, recibi\u00f3 la llave de la ciudad de Laredo, Texas. Al acudir al vecino estado fronterizo, luego de presentar el proyecto carretero que tendr\u00e1 conexi\u00f3n directa con [&hellip;]<\/p>\n","protected":false},"author":2,"featured_media":34546,"comment_status":"open","ping_status":"open","sticky":false,"template":"","format":"standard","meta":[],"categories":[71],"tags":[],"_links":{"self":[{"href":"http:\/\/noticiastelered.com\/PortalDNoticias\/wp-json\/wp\/v2\/posts\/34544"}],"collection":[{"href":"http:\/\/noticiastelered.com\/PortalDNoticias\/wp-json\/wp\/v2\/posts"}],"about":[{"href":"http:\/\/noticiastelered.com\/PortalDNoticias\/wp-json\/wp\/v2\/types\/post"}],"author":[{"embeddable":true,"href":"http:\/\/noticiastelered.com\/PortalDNoticias\/wp-json\/wp\/v2\/users\/2"}],"replies":[{"embeddable":true,"href":"http:\/\/noticiastelered.com\/PortalDNoticias\/wp-json\/wp\/v2\/comments?post=34544"}],"version-history":[{"count":1,"href":"http:\/\/noticiastelered.com\/PortalDNoticias\/wp-json\/wp\/v2\/posts\/34544\/revisions"}],"predecessor-version":[{"id":34547,"href":"http:\/\/noticiastelered.com\/PortalDNoticias\/wp-json\/wp\/v2\/posts\/34544\/revisions\/34547"}],"wp:featuredmedia":[{"embeddable":true,"href":"http:\/\/noticiastelered.com\/PortalDNoticias\/wp-json\/wp\/v2\/media\/34546"}],"wp:attachment":[{"href":"http:\/\/noticiastelered.com\/PortalDNoticias\/wp-json\/wp\/v2\/media?parent=34544"}],"wp:term":[{"taxonomy":"category","embeddable":true,"href":"http:\/\/noticiastelered.com\/PortalDNoticias\/wp-json\/wp\/v2\/categories?post=34544"},{"taxonomy":"post_tag","embeddable":true,"href":"http:\/\/noticiastelered.com\/PortalDNoticias\/wp-json\/wp\/v2\/tags?post=34544"}],"curies":[{"name":"wp","href":"https:\/\/api.w.org\/{rel}","templated":true}]}}