{"id":34193,"date":"2021-11-05T15:20:12","date_gmt":"2021-11-05T15:20:12","guid":{"rendered":"http:\/\/noticiastelered.com\/PortalDNoticias\/?p=34193"},"modified":"2021-11-05T15:20:17","modified_gmt":"2021-11-05T15:20:17","slug":"en-vuelo-comercial-llegara-amlo-a-tamaulipas","status":"publish","type":"post","link":"http:\/\/noticiastelered.com\/PortalDNoticias\/en-vuelo-comercial-llegara-amlo-a-tamaulipas\/","title":{"rendered":"En vuelo comercial llegar\u00e1 AMLO a Tamaulipas"},"content":{"rendered":"\n<p>Tampico, Tamaulipas.- Se espera el arribo de Andr\u00e9s Manuel L\u00f3pez Obrador, presidente de la Rep\u00fablica, a las 11:00 de la ma\u00f1ana al Aeropuerto Internacional Francisco Javier Mina, en un vuelo comercial.<\/p>\n\n\n\n<p>El mandatario ser\u00e1 trasladado por una comitiva a las instalaciones de la refiner\u00eda Francisco I. Madero, donde sostendr\u00e1 un par de reuniones y le dar\u00e1n un informe &nbsp;sobre los avances que lleva la rehabilitaci\u00f3n, proyecto que comenz\u00f3 desde el primer a\u00f1o de su mandato.<\/p>\n\n\n\n<p>De acuerdo a la agenda se espera que el presidente de la Rep\u00fablica permanezca dos horas al interior de la refiner\u00eda.<\/p>\n\n\n\n<p>Por ahora no se ha indicado si visitar\u00e1 otras zonas del sur o bien, si tendr\u00e1 reuniones con actores pol\u00edticos.<\/p>\n\n\n<p><!-- Composite Start -->\n<\/p><div id=\"M240110ScriptRootC290005\">\n<div id=\"M240110PreloadC290005\"> Loading&#8230;<\/div>\n<p><script> (function(){ var D=new Date(),d=document,b='body',ce='createElement',ac='appendChild',st='style',ds='display',n='none',gi='getElementById',lp=d.location.protocol,wp=lp.indexOf('http')==0?lp:'https:'; var i=d[ce]('iframe');i[st][ds]=n;d[gi](\"M240110ScriptRootC290005\")[ac](i);try{var iw=i.contentWindow.document;iw.open();iw.writeln(\"<ht\"+\"ml><bo\"+\"dy><\/bo\"+\"dy><\/ht\"+\"ml>\");iw.close();var c=iw[b];} catch(e){var iw=d;var c=d[gi](\"M240110ScriptRootC290005\");}var dv=iw[ce]('div');dv.id=\"MG_ID\";dv[st][ds]=n;dv.innerHTML=290005;c[ac](dv); var s=iw[ce]('script');s.async='async';s.defer='defer';s.charset='utf-8';s.src=wp+\"\/\/jsc.mgid.com\/n\/o\/noticiastelered.com.290005.js?t=\"+D.getYear()+D.getMonth()+D.getUTCDate()+D.getUTCHours();c[ac](s);})(); <\/script><\/p>\n<\/div>\n<p><!-- Composite End --><\/p>","protected":false},"excerpt":{"rendered":"<p>Tampico, Tamaulipas.- Se espera el arribo de Andr\u00e9s Manuel L\u00f3pez Obrador, presidente de la Rep\u00fablica, a las 11:00 de la ma\u00f1ana al Aeropuerto Internacional Francisco Javier Mina, en un vuelo comercial. El mandatario ser\u00e1 trasladado por una comitiva a las [&hellip;]<\/p>\n","protected":false},"author":2,"featured_media":34195,"comment_status":"open","ping_status":"open","sticky":false,"template":"","format":"standard","meta":[],"categories":[59],"tags":[],"_links":{"self":[{"href":"http:\/\/noticiastelered.com\/PortalDNoticias\/wp-json\/wp\/v2\/posts\/34193"}],"collection":[{"href":"http:\/\/noticiastelered.com\/PortalDNoticias\/wp-json\/wp\/v2\/posts"}],"about":[{"href":"http:\/\/noticiastelered.com\/PortalDNoticias\/wp-json\/wp\/v2\/types\/post"}],"author":[{"embeddable":true,"href":"http:\/\/noticiastelered.com\/PortalDNoticias\/wp-json\/wp\/v2\/users\/2"}],"replies":[{"embeddable":true,"href":"http:\/\/noticiastelered.com\/PortalDNoticias\/wp-json\/wp\/v2\/comments?post=34193"}],"version-history":[{"count":1,"href":"http:\/\/noticiastelered.com\/PortalDNoticias\/wp-json\/wp\/v2\/posts\/34193\/revisions"}],"predecessor-version":[{"id":34196,"href":"http:\/\/noticiastelered.com\/PortalDNoticias\/wp-json\/wp\/v2\/posts\/34193\/revisions\/34196"}],"wp:featuredmedia":[{"embeddable":true,"href":"http:\/\/noticiastelered.com\/PortalDNoticias\/wp-json\/wp\/v2\/media\/34195"}],"wp:attachment":[{"href":"http:\/\/noticiastelered.com\/PortalDNoticias\/wp-json\/wp\/v2\/media?parent=34193"}],"wp:term":[{"taxonomy":"category","embeddable":true,"href":"http:\/\/noticiastelered.com\/PortalDNoticias\/wp-json\/wp\/v2\/categories?post=34193"},{"taxonomy":"post_tag","embeddable":true,"href":"http:\/\/noticiastelered.com\/PortalDNoticias\/wp-json\/wp\/v2\/tags?post=34193"}],"curies":[{"name":"wp","href":"https:\/\/api.w.org\/{rel}","templated":true}]}}