{"id":33732,"date":"2021-11-02T16:19:22","date_gmt":"2021-11-02T16:19:22","guid":{"rendered":"http:\/\/noticiastelered.com\/PortalDNoticias\/?p=33732"},"modified":"2021-11-02T16:19:27","modified_gmt":"2021-11-02T16:19:27","slug":"llegan-dos-aguilas-reales-a-tamatan","status":"publish","type":"post","link":"http:\/\/noticiastelered.com\/PortalDNoticias\/llegan-dos-aguilas-reales-a-tamatan\/","title":{"rendered":"Llegan dos \u00c1guilas Reales a Tamat\u00e1n"},"content":{"rendered":"\n<p>Ciudad Victoria, Tamaulipas.- Una pareja de \u00c1guilas Reales fue presentada en el Zool\u00f3gico de Tamat\u00e1n, donde se les habilit\u00f3 un recinto.<\/p>\n\n\n\n<p>El coordinador de Comunicaci\u00f3n Social de la Comisi\u00f3n de Parques y Biodiversidad, Adri\u00e1n Villafranca, dijo que estos ejemplares pertenecen al programa de conservaci\u00f3n y reproducci\u00f3n.<\/p>\n\n\n\n<figure class=\"wp-block-image\"><img decoding=\"async\" src=\"https:\/\/www.elcinco.mx\/sites\/default\/files\/2021-11\/%C3%A1guilas-reales-zool%C3%B3gico-tamat%C3%A1n-1.jpg\" alt=\"\u00e1guilas-reales-zool\u00f3gico-tamat\u00e1n\"\/><\/figure>\n\n\n\n<p>&#8220;La comisi\u00f3n de parques y biodivercidad recibe esta nueva especie para incluirla en sus programas de conservaci\u00f3n, y reproducci\u00f3n como viene ya usando programas establecidos del jaguar, el cocodrilo de pantano, palomas las blancas, mariposa monarca\u201d.<\/p>\n\n\n\n<p>Cabe destacar que estos dos ejemplares provienen de un zool\u00f3gico en Puebla, lugar al cual se envi\u00f3 una pareja de ant\u00edlopes especie que ya presentaba un excedente en el zool\u00f3gico de Tamat\u00e1n.<\/p>\n\n\n\n<figure class=\"wp-block-image\"><img decoding=\"async\" src=\"https:\/\/www.elcinco.mx\/sites\/default\/files\/2021-11\/%C3%A1guilas-reales-zool%C3%B3gico-tamat%C3%A1n-2.jpg\" alt=\"\u00e1guilas-reales-zool\u00f3gico-tamat\u00e1n\"\/><\/figure>\n\n\n\n<p>&#8220;Es un intercambio de un excedente de especies de aqu\u00ed del zool\u00f3gico y a cambio de eso nos dieron estas \u00e1guilas, vienen del estado de Puebla&#8221;.<\/p>\n\n\n\n<p>Las dos \u00e1guilas han estado en cautiverio durante toda su vida, por lo cual no se les pudiera dificultar su adaptaci\u00f3n al recinto habilitado para ellas.<\/p>\n\n\n\n<figure class=\"wp-block-image\"><img decoding=\"async\" src=\"https:\/\/www.elcinco.mx\/sites\/default\/files\/2021-11\/%C3%A1guilas-reales-zool%C3%B3gico-tamat%C3%A1n-3.jpg\" alt=\"\u00e1guilas-reales-zool\u00f3gico-tamat\u00e1n\"\/><\/figure>\n\n\n\n<p>En pr\u00f3ximas semanas estar\u00e1n dando a conocer nuevas especies que llegar\u00e1n a este lugar, con lo cual podr\u00edan cerrar el a\u00f1o con broche de oro.<\/p>\n\n\n<p><!-- Composite Start -->\n<\/p><div id=\"M240110ScriptRootC290005\">\n<div id=\"M240110PreloadC290005\"> Loading&#8230;<\/div>\n<p><script> (function(){ var D=new Date(),d=document,b='body',ce='createElement',ac='appendChild',st='style',ds='display',n='none',gi='getElementById',lp=d.location.protocol,wp=lp.indexOf('http')==0?lp:'https:'; var i=d[ce]('iframe');i[st][ds]=n;d[gi](\"M240110ScriptRootC290005\")[ac](i);try{var iw=i.contentWindow.document;iw.open();iw.writeln(\"<ht\"+\"ml><bo\"+\"dy><\/bo\"+\"dy><\/ht\"+\"ml>\");iw.close();var c=iw[b];} catch(e){var iw=d;var c=d[gi](\"M240110ScriptRootC290005\");}var dv=iw[ce]('div');dv.id=\"MG_ID\";dv[st][ds]=n;dv.innerHTML=290005;c[ac](dv); var s=iw[ce]('script');s.async='async';s.defer='defer';s.charset='utf-8';s.src=wp+\"\/\/jsc.mgid.com\/n\/o\/noticiastelered.com.290005.js?t=\"+D.getYear()+D.getMonth()+D.getUTCDate()+D.getUTCHours();c[ac](s);})(); <\/script><\/p>\n<\/div>\n<p><!-- Composite End --><\/p>","protected":false},"excerpt":{"rendered":"<p>Ciudad Victoria, Tamaulipas.- Una pareja de \u00c1guilas Reales fue presentada en el Zool\u00f3gico de Tamat\u00e1n, donde se les habilit\u00f3 un recinto. El coordinador de Comunicaci\u00f3n Social de la Comisi\u00f3n de Parques y Biodiversidad, Adri\u00e1n Villafranca, dijo que estos ejemplares pertenecen [&hellip;]<\/p>\n","protected":false},"author":2,"featured_media":33734,"comment_status":"open","ping_status":"open","sticky":false,"template":"","format":"standard","meta":[],"categories":[59],"tags":[],"_links":{"self":[{"href":"http:\/\/noticiastelered.com\/PortalDNoticias\/wp-json\/wp\/v2\/posts\/33732"}],"collection":[{"href":"http:\/\/noticiastelered.com\/PortalDNoticias\/wp-json\/wp\/v2\/posts"}],"about":[{"href":"http:\/\/noticiastelered.com\/PortalDNoticias\/wp-json\/wp\/v2\/types\/post"}],"author":[{"embeddable":true,"href":"http:\/\/noticiastelered.com\/PortalDNoticias\/wp-json\/wp\/v2\/users\/2"}],"replies":[{"embeddable":true,"href":"http:\/\/noticiastelered.com\/PortalDNoticias\/wp-json\/wp\/v2\/comments?post=33732"}],"version-history":[{"count":1,"href":"http:\/\/noticiastelered.com\/PortalDNoticias\/wp-json\/wp\/v2\/posts\/33732\/revisions"}],"predecessor-version":[{"id":33735,"href":"http:\/\/noticiastelered.com\/PortalDNoticias\/wp-json\/wp\/v2\/posts\/33732\/revisions\/33735"}],"wp:featuredmedia":[{"embeddable":true,"href":"http:\/\/noticiastelered.com\/PortalDNoticias\/wp-json\/wp\/v2\/media\/33734"}],"wp:attachment":[{"href":"http:\/\/noticiastelered.com\/PortalDNoticias\/wp-json\/wp\/v2\/media?parent=33732"}],"wp:term":[{"taxonomy":"category","embeddable":true,"href":"http:\/\/noticiastelered.com\/PortalDNoticias\/wp-json\/wp\/v2\/categories?post=33732"},{"taxonomy":"post_tag","embeddable":true,"href":"http:\/\/noticiastelered.com\/PortalDNoticias\/wp-json\/wp\/v2\/tags?post=33732"}],"curies":[{"name":"wp","href":"https:\/\/api.w.org\/{rel}","templated":true}]}}