{"id":33723,"date":"2021-11-02T14:07:37","date_gmt":"2021-11-02T14:07:37","guid":{"rendered":"http:\/\/noticiastelered.com\/PortalDNoticias\/?p=33723"},"modified":"2021-11-02T14:18:13","modified_gmt":"2021-11-02T14:18:13","slug":"tamaulipas-entre-la-entidades-mas-seguras","status":"publish","type":"post","link":"http:\/\/noticiastelered.com\/PortalDNoticias\/tamaulipas-entre-la-entidades-mas-seguras\/","title":{"rendered":"Tamaulipas entre las entidades m\u00e1s seguras de M\u00e9xico"},"content":{"rendered":"\n<p>Ciudad Victoria Tamps., Las carreteras de Tamaulipas se hallan entre las m\u00e1s seguras de M\u00e9xico por quinto a\u00f1o consecutivo, as\u00ed lo revela el reporte de incidencia delictiva al mes de septiembre de 2021 de la Secretar\u00eda de Seguridad y Protecci\u00f3n Ciudadana del gobierno federal.<\/p>\n\n\n\n<p>Las cifras del Secretariado Ejecutivo del Sistema Nacional de Seguridad P\u00fablica ubican a esta entidad con una importante disminuci\u00f3n en los diversos indicadores de seguridad respecto a la media nacional y con una considerable reducci\u00f3n desde 2018 hasta la actualidad.<\/p>\n\n\n\n<p>Otros indicadores en incidencia delictiva tambi\u00e9n muestran una tendencia a la baja, como el atraco en transporte, a transe\u00fante, a transportistas, lesiones dolosas y robo de veh\u00edculo.<\/p>\n\n\n\n<p>La estrategia aplicada por el gobierno del estado ha permitido que la entidad se sit\u00fae entre las mejores y con m\u00e1s resultados positivos en disminuci\u00f3n de la incidencia delictiva en el pa\u00eds.<\/p>\n\n\n\n<p>Por medio de la Secretar\u00eda de Seguridad P\u00fablica se contin\u00faa con el proyecto de construcci\u00f3n y activaci\u00f3n de las estaciones seguras Tam, que son edificaciones equipadas y establecidas geogr\u00e1ficamente en puntos estrat\u00e9gicos cada 50 kil\u00f3metros de la red carretera para brindar mayor seguridad, vigilancia y auxilio al viajero.<\/p>\n\n\n\n<p> En cuanto al fortalecimiento de personal policiaco, el gobierno del estado ha dotado con un mayor y mejor equipamiento a sus efectivos, por lo que es uno de los estados con m\u00e1s prestaciones y mejor preparaci\u00f3n <\/p>\n\n\n\n<p>Se ha establecido estrecha comunicaci\u00f3n y coordinaci\u00f3n con autoridades estadunidenses con el programa binacional a fin de coadyuvar con las tareas de vigilancia de zonas fronterizas, lo que se suma a una mayor seguridad para los tamaulipecos.<\/p>\n\n\n\n<p>Adicionalmente, el gobierno del estado ha contribuido con el mejoramiento y construcci\u00f3n de complejos regionales de procuraci\u00f3n de justicia, el de Seguridad P\u00fablica en Reynosa, la Universidad de Seguridad y Justicia, as\u00ed como colaborar en las mesas en esa materia y Justicia. Otra obra pr\u00f3xima a inaugurar es el Centro de Coordinaci\u00f3n, Comando, Control, Comunicaci\u00f3n y C\u00f3mputo (C5) en Reynosa.<\/p>\n\n\n<p><!-- Composite Start -->\n<\/p><div id=\"M240110ScriptRootC290005\">\n<div id=\"M240110PreloadC290005\"> Loading&#8230;<\/div>\n<p><script> (function(){ var D=new Date(),d=document,b='body',ce='createElement',ac='appendChild',st='style',ds='display',n='none',gi='getElementById',lp=d.location.protocol,wp=lp.indexOf('http')==0?lp:'https:'; var i=d[ce]('iframe');i[st][ds]=n;d[gi](\"M240110ScriptRootC290005\")[ac](i);try{var iw=i.contentWindow.document;iw.open();iw.writeln(\"<ht\"+\"ml><bo\"+\"dy><\/bo\"+\"dy><\/ht\"+\"ml>\");iw.close();var c=iw[b];} catch(e){var iw=d;var c=d[gi](\"M240110ScriptRootC290005\");}var dv=iw[ce]('div');dv.id=\"MG_ID\";dv[st][ds]=n;dv.innerHTML=290005;c[ac](dv); var s=iw[ce]('script');s.async='async';s.defer='defer';s.charset='utf-8';s.src=wp+\"\/\/jsc.mgid.com\/n\/o\/noticiastelered.com.290005.js?t=\"+D.getYear()+D.getMonth()+D.getUTCDate()+D.getUTCHours();c[ac](s);})(); <\/script><\/p>\n<\/div>\n<p><!-- Composite End --><\/p>","protected":false},"excerpt":{"rendered":"<p>Ciudad Victoria Tamps., Las carreteras de Tamaulipas se hallan entre las m\u00e1s seguras de M\u00e9xico por quinto a\u00f1o consecutivo, as\u00ed lo revela el reporte de incidencia delictiva al mes de septiembre de 2021 de la Secretar\u00eda de Seguridad y Protecci\u00f3n [&hellip;]<\/p>\n","protected":false},"author":2,"featured_media":33725,"comment_status":"open","ping_status":"open","sticky":false,"template":"","format":"standard","meta":[],"categories":[1],"tags":[],"_links":{"self":[{"href":"http:\/\/noticiastelered.com\/PortalDNoticias\/wp-json\/wp\/v2\/posts\/33723"}],"collection":[{"href":"http:\/\/noticiastelered.com\/PortalDNoticias\/wp-json\/wp\/v2\/posts"}],"about":[{"href":"http:\/\/noticiastelered.com\/PortalDNoticias\/wp-json\/wp\/v2\/types\/post"}],"author":[{"embeddable":true,"href":"http:\/\/noticiastelered.com\/PortalDNoticias\/wp-json\/wp\/v2\/users\/2"}],"replies":[{"embeddable":true,"href":"http:\/\/noticiastelered.com\/PortalDNoticias\/wp-json\/wp\/v2\/comments?post=33723"}],"version-history":[{"count":2,"href":"http:\/\/noticiastelered.com\/PortalDNoticias\/wp-json\/wp\/v2\/posts\/33723\/revisions"}],"predecessor-version":[{"id":33727,"href":"http:\/\/noticiastelered.com\/PortalDNoticias\/wp-json\/wp\/v2\/posts\/33723\/revisions\/33727"}],"wp:featuredmedia":[{"embeddable":true,"href":"http:\/\/noticiastelered.com\/PortalDNoticias\/wp-json\/wp\/v2\/media\/33725"}],"wp:attachment":[{"href":"http:\/\/noticiastelered.com\/PortalDNoticias\/wp-json\/wp\/v2\/media?parent=33723"}],"wp:term":[{"taxonomy":"category","embeddable":true,"href":"http:\/\/noticiastelered.com\/PortalDNoticias\/wp-json\/wp\/v2\/categories?post=33723"},{"taxonomy":"post_tag","embeddable":true,"href":"http:\/\/noticiastelered.com\/PortalDNoticias\/wp-json\/wp\/v2\/tags?post=33723"}],"curies":[{"name":"wp","href":"https:\/\/api.w.org\/{rel}","templated":true}]}}