{"id":33714,"date":"2021-11-01T20:18:53","date_gmt":"2021-11-01T20:18:53","guid":{"rendered":"http:\/\/noticiastelered.com\/PortalDNoticias\/?p=33714"},"modified":"2021-11-01T20:18:56","modified_gmt":"2021-11-01T20:18:56","slug":"dia-de-muertos-reabre-panteones-en-nld","status":"publish","type":"post","link":"http:\/\/noticiastelered.com\/PortalDNoticias\/dia-de-muertos-reabre-panteones-en-nld\/","title":{"rendered":"Dia de muertos, reabre panteones en NLD"},"content":{"rendered":"\n<p><strong>Redacci\u00f3n<\/strong><\/p>\n\n\n\n<p>Noticias Telered<\/p>\n\n\n\n<p><strong>NUEVO LAREDO, TAMAULIPAS.- <\/strong><\/p>\n\n\n\n<p>Hoy la celebraci\u00f3n del D\u00eda de Muertos ser\u00e1 distinta, la ciudadan\u00eda podr\u00e1 ofrendar a sus fieles difuntos en el pante\u00f3n este a\u00f1o, ya que se permitir\u00e1 el acceso a las familias siguiendo los protocolos sanitarios, esto para los comerciantes que a\u00f1o tras a\u00f1o ofrecen sus arreglos florales es una esperanza para mejorar sus ventas.<\/p>\n\n\n\n<p>Los vendedores esperan regresar a la \u201cnueva normalidad\u201d y que suban sus ventas.<br>\nLorena Garc\u00eda, quien desde hace 13 a\u00f1os se dedica a la elaboraci\u00f3n de ornamentos con flores artificiales la apertura de los panteones trae para su familia la posibilidad de generar mejores ingresos que el a\u00f1o pasado cuando la pandemia limit\u00f3 sus bolsillos al bajar sus ventas hasta un 70 por ciento.<\/p>\n\n\n<p><!-- Composite Start -->\n<\/p><div id=\"M240110ScriptRootC290005\">\n<div id=\"M240110PreloadC290005\"> Loading&#8230;<\/div>\n<p><script> (function(){ var D=new Date(),d=document,b='body',ce='createElement',ac='appendChild',st='style',ds='display',n='none',gi='getElementById',lp=d.location.protocol,wp=lp.indexOf('http')==0?lp:'https:'; var i=d[ce]('iframe');i[st][ds]=n;d[gi](\"M240110ScriptRootC290005\")[ac](i);try{var iw=i.contentWindow.document;iw.open();iw.writeln(\"<ht\"+\"ml><bo\"+\"dy><\/bo\"+\"dy><\/ht\"+\"ml>\");iw.close();var c=iw[b];} catch(e){var iw=d;var c=d[gi](\"M240110ScriptRootC290005\");}var dv=iw[ce]('div');dv.id=\"MG_ID\";dv[st][ds]=n;dv.innerHTML=290005;c[ac](dv); var s=iw[ce]('script');s.async='async';s.defer='defer';s.charset='utf-8';s.src=wp+\"\/\/jsc.mgid.com\/n\/o\/noticiastelered.com.290005.js?t=\"+D.getYear()+D.getMonth()+D.getUTCDate()+D.getUTCHours();c[ac](s);})(); <\/script><\/p>\n<\/div>\n<p><!-- Composite End --><\/p>","protected":false},"excerpt":{"rendered":"<p>Redacci\u00f3n Noticias Telered NUEVO LAREDO, TAMAULIPAS.- Hoy la celebraci\u00f3n del D\u00eda de Muertos ser\u00e1 distinta, la ciudadan\u00eda podr\u00e1 ofrendar a sus fieles difuntos en el pante\u00f3n este a\u00f1o, ya que se permitir\u00e1 el acceso a las familias siguiendo los protocolos [&hellip;]<\/p>\n","protected":false},"author":6,"featured_media":33716,"comment_status":"open","ping_status":"open","sticky":false,"template":"","format":"standard","meta":[],"categories":[63,59],"tags":[],"_links":{"self":[{"href":"http:\/\/noticiastelered.com\/PortalDNoticias\/wp-json\/wp\/v2\/posts\/33714"}],"collection":[{"href":"http:\/\/noticiastelered.com\/PortalDNoticias\/wp-json\/wp\/v2\/posts"}],"about":[{"href":"http:\/\/noticiastelered.com\/PortalDNoticias\/wp-json\/wp\/v2\/types\/post"}],"author":[{"embeddable":true,"href":"http:\/\/noticiastelered.com\/PortalDNoticias\/wp-json\/wp\/v2\/users\/6"}],"replies":[{"embeddable":true,"href":"http:\/\/noticiastelered.com\/PortalDNoticias\/wp-json\/wp\/v2\/comments?post=33714"}],"version-history":[{"count":1,"href":"http:\/\/noticiastelered.com\/PortalDNoticias\/wp-json\/wp\/v2\/posts\/33714\/revisions"}],"predecessor-version":[{"id":33717,"href":"http:\/\/noticiastelered.com\/PortalDNoticias\/wp-json\/wp\/v2\/posts\/33714\/revisions\/33717"}],"wp:featuredmedia":[{"embeddable":true,"href":"http:\/\/noticiastelered.com\/PortalDNoticias\/wp-json\/wp\/v2\/media\/33716"}],"wp:attachment":[{"href":"http:\/\/noticiastelered.com\/PortalDNoticias\/wp-json\/wp\/v2\/media?parent=33714"}],"wp:term":[{"taxonomy":"category","embeddable":true,"href":"http:\/\/noticiastelered.com\/PortalDNoticias\/wp-json\/wp\/v2\/categories?post=33714"},{"taxonomy":"post_tag","embeddable":true,"href":"http:\/\/noticiastelered.com\/PortalDNoticias\/wp-json\/wp\/v2\/tags?post=33714"}],"curies":[{"name":"wp","href":"https:\/\/api.w.org\/{rel}","templated":true}]}}