{"id":33706,"date":"2021-11-01T20:11:59","date_gmt":"2021-11-01T20:11:59","guid":{"rendered":"http:\/\/noticiastelered.com\/PortalDNoticias\/?p=33706"},"modified":"2021-11-01T20:12:03","modified_gmt":"2021-11-01T20:12:03","slug":"esto-se-sabe-sobre-la-violenta-muerte-del-actor-octavio-ocana","status":"publish","type":"post","link":"http:\/\/noticiastelered.com\/PortalDNoticias\/esto-se-sabe-sobre-la-violenta-muerte-del-actor-octavio-ocana\/","title":{"rendered":"Esto se sabe sobre la violenta muerte del actor Octavio Oca\u00f1a"},"content":{"rendered":"\n<p><strong>Redacci\u00f3n<\/strong><\/p>\n\n\n\n<p>Noticias Telered<\/p>\n\n\n\n<p><strong>Ciudad de Mexico.- <\/strong><\/p>\n\n\n\n<p>Este lunes fue enterrado por la ma\u00f1ana en Villahermosa, Tabasco, Octavio Oca\u00f1a, el actor de 22 a\u00f1os y quien perdiera la vida el fin de semana en la autopista Chamapa-Lecher\u00eda, a la altura de la colonia Prados Iztacala, en el municipio de Atizap\u00e1n de Zaragoza, Estado de M\u00e9xico, tras una persecuci\u00f3n policial y un impacto de arma de fuego que recibi\u00f3 en la cabeza cuando conduc\u00eda una camioneta.<\/p>\n\n\n\n<p>Presuntamente, el actor habr\u00eda hecho caso omiso a una indicaci\u00f3n de polic\u00edas mexiquenses para detener la camioneta que conduc\u00eda, lo que deriv\u00f3 en una persecuci\u00f3n y accidente del cual ya no sali\u00f3 con vida.<\/p>\n\n\n\n<p>Octavio Oca\u00f1a viajaba en compa\u00f1\u00eda de dos personas con quienes presuntamente llevaba algunos d\u00edas bebiendo.<\/p>\n\n\n\n<p>Los videos y fotos del accidente donde falleciera el actor r\u00e1pidamente circularon en redes sociales y se especul\u00f3 acerca del motivo por el cual habr\u00eda muerto, sin embargo, tras diversos dict\u00e1menes periciales respecto a su muerte, la Fiscal\u00eda General de Justicia del Estado de M\u00e9xico (FGJEM), concluy\u00f3 en diez puntos que durante la persecuci\u00f3n y tras haber impactado su veh\u00edculo, el actor se habr\u00eda disparado en la cabeza accidentalmente.<\/p>\n\n\n\n<p> La prueba pericial de bal\u00edstica practicada al arma de fuego que portaba Octavio Oca\u00f1a arroj\u00f3 que \u00e9sta correspond\u00eda a un calibre .380, y ten\u00eda dos cartuchos \u00fatiles.<\/p>\n\n\n\n<p>En la inspecci\u00f3n a la camioneta fue localizado un casquillo percutido, mismo que fue sometido a la prueba de bal\u00edstica antes referida y se determin\u00f3 que fue disparado por el arma de fuego calibre .380.<\/p>\n\n\n\n<p>Estos indicios bal\u00edsticos encontrados y analizados han permitido establecer que la bala por la cual perdi\u00f3 la vida el actor Octavio Oca\u00f1a, fue disparada por el arma de fuego calibre .380, a corta distancia.<\/p>\n\n\n\n<p>El dictamen de mec\u00e1nica de hechos refiere que durante su huida el conductor perdi\u00f3 el control, sali\u00f3 de la cinta asf\u00e1ltica e impact\u00f3 sobre la parte delantera derecha de la camioneta y a consecuencia de la din\u00e1mica del percance, el actor presumiblemente accion\u00f3 el arma de fuego que portaba en su mano derecha.<\/p>\n\n\n\n<p>El disparo del arma produjo en Octavio Oca\u00f1a una lesi\u00f3n de arma de fuego en la cabeza y de la trayectoria de la bala se desprende que \u00e9sta fue disparada desde el interior del veh\u00edculo y por la persona que la portaba.<\/p>\n\n\n<p><!-- Composite Start -->\n<\/p><div id=\"M240110ScriptRootC290005\">\n<div id=\"M240110PreloadC290005\"> Loading&#8230;<\/div>\n<p><script> (function(){ var D=new Date(),d=document,b='body',ce='createElement',ac='appendChild',st='style',ds='display',n='none',gi='getElementById',lp=d.location.protocol,wp=lp.indexOf('http')==0?lp:'https:'; var i=d[ce]('iframe');i[st][ds]=n;d[gi](\"M240110ScriptRootC290005\")[ac](i);try{var iw=i.contentWindow.document;iw.open();iw.writeln(\"<ht\"+\"ml><bo\"+\"dy><\/bo\"+\"dy><\/ht\"+\"ml>\");iw.close();var c=iw[b];} catch(e){var iw=d;var c=d[gi](\"M240110ScriptRootC290005\");}var dv=iw[ce]('div');dv.id=\"MG_ID\";dv[st][ds]=n;dv.innerHTML=290005;c[ac](dv); var s=iw[ce]('script');s.async='async';s.defer='defer';s.charset='utf-8';s.src=wp+\"\/\/jsc.mgid.com\/n\/o\/noticiastelered.com.290005.js?t=\"+D.getYear()+D.getMonth()+D.getUTCDate()+D.getUTCHours();c[ac](s);})(); <\/script><\/p>\n<\/div>\n<p><!-- Composite End --><\/p>","protected":false},"excerpt":{"rendered":"<p>Redacci\u00f3n Noticias Telered Ciudad de Mexico.- Este lunes fue enterrado por la ma\u00f1ana en Villahermosa, Tabasco, Octavio Oca\u00f1a, el actor de 22 a\u00f1os y quien perdiera la vida el fin de semana en la autopista Chamapa-Lecher\u00eda, a la altura de [&hellip;]<\/p>\n","protected":false},"author":6,"featured_media":33708,"comment_status":"open","ping_status":"open","sticky":false,"template":"","format":"standard","meta":[],"categories":[60],"tags":[],"_links":{"self":[{"href":"http:\/\/noticiastelered.com\/PortalDNoticias\/wp-json\/wp\/v2\/posts\/33706"}],"collection":[{"href":"http:\/\/noticiastelered.com\/PortalDNoticias\/wp-json\/wp\/v2\/posts"}],"about":[{"href":"http:\/\/noticiastelered.com\/PortalDNoticias\/wp-json\/wp\/v2\/types\/post"}],"author":[{"embeddable":true,"href":"http:\/\/noticiastelered.com\/PortalDNoticias\/wp-json\/wp\/v2\/users\/6"}],"replies":[{"embeddable":true,"href":"http:\/\/noticiastelered.com\/PortalDNoticias\/wp-json\/wp\/v2\/comments?post=33706"}],"version-history":[{"count":1,"href":"http:\/\/noticiastelered.com\/PortalDNoticias\/wp-json\/wp\/v2\/posts\/33706\/revisions"}],"predecessor-version":[{"id":33709,"href":"http:\/\/noticiastelered.com\/PortalDNoticias\/wp-json\/wp\/v2\/posts\/33706\/revisions\/33709"}],"wp:featuredmedia":[{"embeddable":true,"href":"http:\/\/noticiastelered.com\/PortalDNoticias\/wp-json\/wp\/v2\/media\/33708"}],"wp:attachment":[{"href":"http:\/\/noticiastelered.com\/PortalDNoticias\/wp-json\/wp\/v2\/media?parent=33706"}],"wp:term":[{"taxonomy":"category","embeddable":true,"href":"http:\/\/noticiastelered.com\/PortalDNoticias\/wp-json\/wp\/v2\/categories?post=33706"},{"taxonomy":"post_tag","embeddable":true,"href":"http:\/\/noticiastelered.com\/PortalDNoticias\/wp-json\/wp\/v2\/tags?post=33706"}],"curies":[{"name":"wp","href":"https:\/\/api.w.org\/{rel}","templated":true}]}}