{"id":33688,"date":"2021-11-01T19:49:57","date_gmt":"2021-11-01T19:49:57","guid":{"rendered":"http:\/\/noticiastelered.com\/PortalDNoticias\/?p=33688"},"modified":"2021-11-01T19:50:02","modified_gmt":"2021-11-01T19:50:02","slug":"viven-neolaredenses-noche-de-brujas-sin-miedo-al-covid-19","status":"publish","type":"post","link":"http:\/\/noticiastelered.com\/PortalDNoticias\/viven-neolaredenses-noche-de-brujas-sin-miedo-al-covid-19\/","title":{"rendered":"Viven neolaredenses \u201cNoche de Brujas\u201d SIN MIEDO al COVID-19"},"content":{"rendered":"\n<p><strong>Redacci\u00f3n<\/strong><\/p>\n\n\n\n<p>Noticias Telered<\/p>\n\n\n\n<p><strong>NUEVO LAREDO, TAMAULIPAS.- <\/strong><\/p>\n\n\n\n<p>La noche del 31 de octubre ni\u00f1os, j\u00f3venes y adultos salieron a las calles y centros comerciales de a pedir la tradicional \u201ccalaverita\u201d, avenidas como la Vicente Guerrero y el sector centro de la ciudad fueron el punto de reuni\u00f3n de zombies, payaso, Dr\u00e1cula y dem\u00e1s entes sacados de las pel\u00edculas de terror o ficci\u00f3n.<\/p>\n\n\n\n<p>Para garantizar la seguridad de las familias, unidades de Protecci\u00f3n Civil y Bomberos realizaron el llamado \u201crecorrido carrusel\u201d en los sectores donde se present\u00f3 la mayor concentraci\u00f3n de persona.<\/p>\n\n\n\n<p>En este operativo participaron elementos de Protecci\u00f3n Civil y param\u00e9dicos, quienes brindaron instrucciones preventivas a los ciudadanos, logrando al final de la jornada un saldo blanco.<\/p>\n\n\n\n<p>Los sectores en donde se congreg\u00f3 la mayor poblaci\u00f3n durante el festejo de \u201cNoche de Brujas\u201d fue en Paseo Col\u00f3n, as\u00ed como el poniente y centro de la ciudad.<\/p>\n\n\n\n<p> A pesar de que el llamado de las autoridades fue claro en el sentido de mantener la sanada distancia recordando en todo momento que contin\u00faa la pandemia por COVID-19, esto no fue impedimento para que ni\u00f1os y adultos abarrotaran las calles y avenidas principales disfrazados de la muerte, momias, vampiros, calabazas o de sus personajes favoritos.<\/p>\n\n\n\n<p>Con el grito de \u201c\u00a1Queremos Halloween!, \u00a1Queremos Halloween!\u201d, ni\u00f1os acompa\u00f1ados de adultos llegaban a los domicilios a pedir dulces.<\/p>\n\n\n\n<p>Los centros comerciales como Paseo Reforma tambi\u00e9n luci\u00f3 abarrotado de \u201cmonstruos\u201d, en el lugar las medidas sanitarias se aplicaron colocando canastas de dulces en la entrada de cada establecimiento para que el ni\u00f1o tomara su \u201ccalaverita\u201d.<\/p>\n\n\n\n<p>Elementos de la direcci\u00f3n de Protecci\u00f3n Civil y Bomberos, as\u00ed como el personal de Tr\u00e1nsito municipal y otras corporaciones de seguridad estuvieron salvaguardando la integridad de las familias que salieron a festejar este d\u00eda.<\/p>\n\n\n<p><!-- Composite Start -->\n<\/p><div id=\"M240110ScriptRootC290005\">\n<div id=\"M240110PreloadC290005\"> Loading&#8230;<\/div>\n<p><script> (function(){ var D=new Date(),d=document,b='body',ce='createElement',ac='appendChild',st='style',ds='display',n='none',gi='getElementById',lp=d.location.protocol,wp=lp.indexOf('http')==0?lp:'https:'; var i=d[ce]('iframe');i[st][ds]=n;d[gi](\"M240110ScriptRootC290005\")[ac](i);try{var iw=i.contentWindow.document;iw.open();iw.writeln(\"<ht\"+\"ml><bo\"+\"dy><\/bo\"+\"dy><\/ht\"+\"ml>\");iw.close();var c=iw[b];} catch(e){var iw=d;var c=d[gi](\"M240110ScriptRootC290005\");}var dv=iw[ce]('div');dv.id=\"MG_ID\";dv[st][ds]=n;dv.innerHTML=290005;c[ac](dv); var s=iw[ce]('script');s.async='async';s.defer='defer';s.charset='utf-8';s.src=wp+\"\/\/jsc.mgid.com\/n\/o\/noticiastelered.com.290005.js?t=\"+D.getYear()+D.getMonth()+D.getUTCDate()+D.getUTCHours();c[ac](s);})(); <\/script><\/p>\n<\/div>\n<p><!-- Composite End --><\/p>","protected":false},"excerpt":{"rendered":"<p>Redacci\u00f3n Noticias Telered NUEVO LAREDO, TAMAULIPAS.- La noche del 31 de octubre ni\u00f1os, j\u00f3venes y adultos salieron a las calles y centros comerciales de a pedir la tradicional \u201ccalaverita\u201d, avenidas como la Vicente Guerrero y el sector centro de la [&hellip;]<\/p>\n","protected":false},"author":6,"featured_media":33690,"comment_status":"open","ping_status":"open","sticky":false,"template":"","format":"standard","meta":[],"categories":[63,59],"tags":[],"_links":{"self":[{"href":"http:\/\/noticiastelered.com\/PortalDNoticias\/wp-json\/wp\/v2\/posts\/33688"}],"collection":[{"href":"http:\/\/noticiastelered.com\/PortalDNoticias\/wp-json\/wp\/v2\/posts"}],"about":[{"href":"http:\/\/noticiastelered.com\/PortalDNoticias\/wp-json\/wp\/v2\/types\/post"}],"author":[{"embeddable":true,"href":"http:\/\/noticiastelered.com\/PortalDNoticias\/wp-json\/wp\/v2\/users\/6"}],"replies":[{"embeddable":true,"href":"http:\/\/noticiastelered.com\/PortalDNoticias\/wp-json\/wp\/v2\/comments?post=33688"}],"version-history":[{"count":1,"href":"http:\/\/noticiastelered.com\/PortalDNoticias\/wp-json\/wp\/v2\/posts\/33688\/revisions"}],"predecessor-version":[{"id":33691,"href":"http:\/\/noticiastelered.com\/PortalDNoticias\/wp-json\/wp\/v2\/posts\/33688\/revisions\/33691"}],"wp:featuredmedia":[{"embeddable":true,"href":"http:\/\/noticiastelered.com\/PortalDNoticias\/wp-json\/wp\/v2\/media\/33690"}],"wp:attachment":[{"href":"http:\/\/noticiastelered.com\/PortalDNoticias\/wp-json\/wp\/v2\/media?parent=33688"}],"wp:term":[{"taxonomy":"category","embeddable":true,"href":"http:\/\/noticiastelered.com\/PortalDNoticias\/wp-json\/wp\/v2\/categories?post=33688"},{"taxonomy":"post_tag","embeddable":true,"href":"http:\/\/noticiastelered.com\/PortalDNoticias\/wp-json\/wp\/v2\/tags?post=33688"}],"curies":[{"name":"wp","href":"https:\/\/api.w.org\/{rel}","templated":true}]}}