{"id":33684,"date":"2021-11-01T19:48:15","date_gmt":"2021-11-01T19:48:15","guid":{"rendered":"http:\/\/noticiastelered.com\/PortalDNoticias\/?p=33684"},"modified":"2021-11-01T19:48:19","modified_gmt":"2021-11-01T19:48:19","slug":"olvidados-por-gerardo-martino-seran-convocados-en-noviembre","status":"publish","type":"post","link":"http:\/\/noticiastelered.com\/PortalDNoticias\/olvidados-por-gerardo-martino-seran-convocados-en-noviembre\/","title":{"rendered":"\u2018Olvidados\u2019 por Gerardo Martino ser\u00e1n convocados en noviembre"},"content":{"rendered":"\n<p><strong>Redacci\u00f3n<\/strong><\/p>\n\n\n\n<p>Noticias Telered<\/p>\n\n\n\n<p><strong>Ciudad de Mexico.- <\/strong><\/p>\n\n\n\n<p>Olvidados por Gerardo Martino para todo lo que va de la Eliminatoria mundialista, Jos\u00e9 Juan Mac\u00edas y Gerardo Arteaga ya fueron reservados para que puedan acudir con la Selecci\u00f3n Mexicana para los partidos de noviembre contra Estados Unidos y Canad\u00e1, en el cierre de la actividad del 2021 del Tricolor.<\/p>\n\n\n\n<p>La Direcci\u00f3n de Selecciones Nacionales ya envi\u00f3 las cartas al Getafe y el Genk de B\u00e9lgica para avisar que ambos jugadores podr\u00e1n ser llamados para dichos encuentros, lo que no hab\u00eda sucedido para las dos convocatorias previas, cuando la Federaci\u00f3n Mexicana de Futbol ni siquiera enviaba esas misivas.<\/p>\n\n\n\n<p>La FIFA establece ese protocolo para jugadores que est\u00e1n en el extranjero.<\/p>\n\n\n\n<p>Ambos estuvieron relegados por el \u2018Tata\u2019 Martino luego de negarse a participar en los Juegos Ol\u00edmpicos de Tokio 2020. Sin embargo, ahora el entrenador argentino contempla tenerlos de frente para charlar con ellos sobre sus actitudes y conocer hasta d\u00f3nde puede llegar su compromiso con el \u2018Tri\u2019.<\/p>\n\n\n\n<p>El equipo mexicano visitar\u00e1 a Estados Unidos en Cincinnati el viernes 12 de noviembre y de ah\u00ed viajar\u00e1 para jugar ante Canad\u00e1 el 16 del mismo mes, en Edmonton, en lo que ser\u00e1n los partidos 7 y 8 (de un total de 14) del Octagonal de Concacaf hacia Catar 2022.<\/p>\n\n\n<p><!-- Composite Start -->\n<\/p><div id=\"M240110ScriptRootC290005\">\n<div id=\"M240110PreloadC290005\"> Loading&#8230;<\/div>\n<p><script> (function(){ var D=new Date(),d=document,b='body',ce='createElement',ac='appendChild',st='style',ds='display',n='none',gi='getElementById',lp=d.location.protocol,wp=lp.indexOf('http')==0?lp:'https:'; var i=d[ce]('iframe');i[st][ds]=n;d[gi](\"M240110ScriptRootC290005\")[ac](i);try{var iw=i.contentWindow.document;iw.open();iw.writeln(\"<ht\"+\"ml><bo\"+\"dy><\/bo\"+\"dy><\/ht\"+\"ml>\");iw.close();var c=iw[b];} catch(e){var iw=d;var c=d[gi](\"M240110ScriptRootC290005\");}var dv=iw[ce]('div');dv.id=\"MG_ID\";dv[st][ds]=n;dv.innerHTML=290005;c[ac](dv); var s=iw[ce]('script');s.async='async';s.defer='defer';s.charset='utf-8';s.src=wp+\"\/\/jsc.mgid.com\/n\/o\/noticiastelered.com.290005.js?t=\"+D.getYear()+D.getMonth()+D.getUTCDate()+D.getUTCHours();c[ac](s);})(); <\/script><\/p>\n<\/div>\n<p><!-- Composite End --><\/p>","protected":false},"excerpt":{"rendered":"<p>Redacci\u00f3n Noticias Telered Ciudad de Mexico.- Olvidados por Gerardo Martino para todo lo que va de la Eliminatoria mundialista, Jos\u00e9 Juan Mac\u00edas y Gerardo Arteaga ya fueron reservados para que puedan acudir con la Selecci\u00f3n Mexicana para los partidos de [&hellip;]<\/p>\n","protected":false},"author":6,"featured_media":33686,"comment_status":"open","ping_status":"open","sticky":false,"template":"","format":"standard","meta":[],"categories":[6],"tags":[],"_links":{"self":[{"href":"http:\/\/noticiastelered.com\/PortalDNoticias\/wp-json\/wp\/v2\/posts\/33684"}],"collection":[{"href":"http:\/\/noticiastelered.com\/PortalDNoticias\/wp-json\/wp\/v2\/posts"}],"about":[{"href":"http:\/\/noticiastelered.com\/PortalDNoticias\/wp-json\/wp\/v2\/types\/post"}],"author":[{"embeddable":true,"href":"http:\/\/noticiastelered.com\/PortalDNoticias\/wp-json\/wp\/v2\/users\/6"}],"replies":[{"embeddable":true,"href":"http:\/\/noticiastelered.com\/PortalDNoticias\/wp-json\/wp\/v2\/comments?post=33684"}],"version-history":[{"count":1,"href":"http:\/\/noticiastelered.com\/PortalDNoticias\/wp-json\/wp\/v2\/posts\/33684\/revisions"}],"predecessor-version":[{"id":33687,"href":"http:\/\/noticiastelered.com\/PortalDNoticias\/wp-json\/wp\/v2\/posts\/33684\/revisions\/33687"}],"wp:featuredmedia":[{"embeddable":true,"href":"http:\/\/noticiastelered.com\/PortalDNoticias\/wp-json\/wp\/v2\/media\/33686"}],"wp:attachment":[{"href":"http:\/\/noticiastelered.com\/PortalDNoticias\/wp-json\/wp\/v2\/media?parent=33684"}],"wp:term":[{"taxonomy":"category","embeddable":true,"href":"http:\/\/noticiastelered.com\/PortalDNoticias\/wp-json\/wp\/v2\/categories?post=33684"},{"taxonomy":"post_tag","embeddable":true,"href":"http:\/\/noticiastelered.com\/PortalDNoticias\/wp-json\/wp\/v2\/tags?post=33684"}],"curies":[{"name":"wp","href":"https:\/\/api.w.org\/{rel}","templated":true}]}}